{"id":151,"date":"2012-02-16T20:10:00","date_gmt":"2012-02-16T20:10:00","guid":{"rendered":"http:\/\/www.toque-musicall.com\/?p=151"},"modified":"2012-02-16T20:10:00","modified_gmt":"2012-02-16T20:10:00","slug":"1a-bienal-do-samba-1968","status":"publish","type":"post","link":"https:\/\/www.toque-musicall.com\/?p=151","title":{"rendered":"1\u00aa Bienal Do Samba (1968)"},"content":{"rendered":"<p><a href=\"http:\/\/2.bp.blogspot.com\/-2ncoqrs7Vpw\/Tz1jHqrAEkI\/AAAAAAAABCA\/2cG8Dr0Z0N8\/s1600\/capa+P.JPG\"><img decoding=\"async\" style=\"display:block; margin:0px auto 10px; text-align:center;cursor:pointer; cursor:hand;width: 400px; height: 398px;\" src=\"http:\/\/2.bp.blogspot.com\/-2ncoqrs7Vpw\/Tz1jHqrAEkI\/AAAAAAAABCA\/2cG8Dr0Z0N8\/s400\/capa+P.JPG\" border=\"0\" alt=\"\" id=\"BLOGGER_PHOTO_ID_5709828885940539970\" \/><\/a><a href=\"http:\/\/3.bp.blogspot.com\/-VgwWfP2gAF0\/Tz1jDKwLHbI\/AAAAAAAABB0\/ClhKYibf9W4\/s1600\/contracapa+P.JPG\"><img decoding=\"async\" style=\"display:block; margin:0px auto 10px; text-align:center;cursor:pointer; cursor:hand;width: 400px; height: 397px;\" src=\"http:\/\/3.bp.blogspot.com\/-VgwWfP2gAF0\/Tz1jDKwLHbI\/AAAAAAAABB0\/ClhKYibf9W4\/s400\/contracapa+P.JPG\" border=\"0\" alt=\"\" id=\"BLOGGER_PHOTO_ID_5709828808652823986\" \/><\/a>Boa noite, amigos cultos e ocultos! Estamos na boca do Carnaval, mas hoje vamos ter festival. Obviamente, para n\u00e3o sair do compasso, vai ser um festival de samba. Trago aqui para voc\u00eas, esquentarem tamb\u00e9m o gog\u00f3 e recordarem, este disco bacana sobre a 1\u00aa Bienal do Samba. Trata-se de uma vers\u00e3o do festival apresentada por artistas que faziam parte do &#8216;cast&#8217; da gravadora. Alguns at\u00e9 s\u00e3o interpretadas pelos mesmos artistas, como \u00e9 o caso de Cyro Monteiro que no festival defendeu o samba &#8220;Tive sim&#8221;, de Cartola. \u00c9 em verdade uma sele\u00e7\u00e3o com as m\u00fasicas que foram classificadas, por\u00e9m interpretadas por outros artistas e grupos. Vale a pena conferir, pois embora n\u00e3o seja os originais, as m\u00fasicas s\u00e3o memor\u00e1veis. Ali\u00e1s, o grupo Os Originais do Samba tamb\u00e9m est\u00e1 presente, interpretando &#8220;Canto chorado&#8221;, de Billy Blanco, que na Bienal foi defendida por Jair Rodrigues. <\/p>\n<div><\/div>\n<div style=\"text-align: center;\">bom tempo &#8211; wilson miranda<\/div>\n<div style=\"text-align: center;\">luandaluar &#8211; rosely<\/div>\n<div style=\"text-align: center;\">quando a pol\u00edcia chegar &#8211; az 3 com os acad\u00eamicos da paulic\u00e9ia<\/div>\n<div style=\"text-align: center;\">marina &#8211; zenaide<\/div>\n<div style=\"text-align: center;\">rainha porta bandeira &#8211; rosely<\/div>\n<div style=\"text-align: center;\">protesto, meu amor &#8211; samba 4<\/div>\n<div style=\"text-align: center;\">tive sim &#8211; cyro monteiro<\/div>\n<div style=\"text-align: center;\">lapinha &#8211; wilson miranda<\/div>\n<div style=\"text-align: center;\">pressentimento &#8211; samba 4<\/div>\n<div style=\"text-align: center;\">quem dera &#8211; os ca\u00e7ulas<\/div>\n<div style=\"text-align: center;\">coisas do mundo, minha nega &#8211; aizita<\/div>\n<div style=\"text-align: center;\">canto chorado &#8211; os originais do samba<\/div>\n","protected":false},"excerpt":{"rendered":"<p>Boa noite, amigos cultos e ocultos! Estamos na boca do Carnaval, mas hoje vamos ter festival. Obviamente, para n\u00e3o sair do compasso, vai ser um festival de samba. Trago aqui para voc\u00eas, esquentarem tamb\u00e9m o gog\u00f3 e recordarem, este disco &hellip; <a href=\"https:\/\/www.toque-musicall.com\/?p=151\">Continue lendo <span class=\"meta-nav\">&rarr;<\/span><\/a><\/p>\n","protected":false},"author":1,"featured_media":0,"comment_status":"open","ping_status":"closed","sticky":false,"template":"","format":"standard","meta":{"footnotes":""},"categories":[279,278,277],"tags":[],"class_list":["post-151","post","type-post","status-publish","format-standard","hentry","category-1a-bienal-do-samba","category-festivais","category-selo-rca-camden"],"_links":{"self":[{"href":"https:\/\/www.toque-musicall.com\/index.php?rest_route=\/wp\/v2\/posts\/151","targetHints":{"allow":["GET"]}}],"collection":[{"href":"https:\/\/www.toque-musicall.com\/index.php?rest_route=\/wp\/v2\/posts"}],"about":[{"href":"https:\/\/www.toque-musicall.com\/index.php?rest_route=\/wp\/v2\/types\/post"}],"author":[{"embeddable":true,"href":"https:\/\/www.toque-musicall.com\/index.php?rest_route=\/wp\/v2\/users\/1"}],"replies":[{"embeddable":true,"href":"https:\/\/www.toque-musicall.com\/index.php?rest_route=%2Fwp%2Fv2%2Fcomments&post=151"}],"version-history":[{"count":0,"href":"https:\/\/www.toque-musicall.com\/index.php?rest_route=\/wp\/v2\/posts\/151\/revisions"}],"wp:attachment":[{"href":"https:\/\/www.toque-musicall.com\/index.php?rest_route=%2Fwp%2Fv2%2Fmedia&parent=151"}],"wp:term":[{"taxonomy":"category","embeddable":true,"href":"https:\/\/www.toque-musicall.com\/index.php?rest_route=%2Fwp%2Fv2%2Fcategories&post=151"},{"taxonomy":"post_tag","embeddable":true,"href":"https:\/\/www.toque-musicall.com\/index.php?rest_route=%2Fwp%2Fv2%2Ftags&post=151"}],"curies":[{"name":"wp","href":"https:\/\/api.w.org\/{rel}","templated":true}]}}