{"id":1511,"date":"2008-08-08T14:54:00","date_gmt":"2008-08-08T14:54:00","guid":{"rendered":"http:\/\/www.toque-musicall.com\/?p=1511"},"modified":"2008-08-08T14:54:00","modified_gmt":"2008-08-08T14:54:00","slug":"maysa-1977","status":"publish","type":"post","link":"https:\/\/www.toque-musicall.com\/?p=1511","title":{"rendered":"Maysa (1977)"},"content":{"rendered":"<div align=\"left\"><a href=\"http:\/\/2.bp.blogspot.com\/_DSKVEvHtskc\/SJxgFccen8I\/AAAAAAAAB08\/ml6RBKZgK1g\/s1600-h\/maysa+77+f.JPG\"><img decoding=\"async\" id=\"BLOGGER_PHOTO_ID_5232162513748926402\" style=\"DISPLAY: block; MARGIN: 0px auto 10px; CURSOR: hand; TEXT-ALIGN: center\" alt=\"\" src=\"http:\/\/2.bp.blogspot.com\/_DSKVEvHtskc\/SJxgFccen8I\/AAAAAAAAB08\/ml6RBKZgK1g\/s400\/maysa+77+f.JPG\" border=\"0\" \/><\/a> Mais uma vez dando as caras no Toque Musical, a grande Maysa! Cantora, compositora e um nome sempre lembrado na m\u00fasica brasileira. Da bossa \u00e0 fossa, sempre impec\u00e1vel.<\/div>\n<div align=\"left\">Este disco, eu acredito, foi lan\u00e7ado logo ap\u00f3s a sua morte. Talvez at\u00e9 aproveitando o momento de como\u00e7\u00e3o. Acho que \u00e9 uma colet\u00e2nea com m\u00fasicas de sua curta fase na CBS\/Columbia, essencialmente bossa. Maysa morreu aos 41 anos em um est\u00fapido acidente de autom\u00f3vel na ponte Rio-Niteroi, em 1977. Me lembro bem desse dia&#8230; \ud83d\ude41<\/div>\n<p><\/p>\n<div align=\"center\">o barquinho<\/div>\n<div align=\"center\">melancolia<\/div>\n<div align=\"center\">eu e o meu cora\u00e7\u00e3o<\/div>\n<div align=\"center\">l\u00e1grima primeira<\/div>\n<div align=\"center\">maysa<\/div>\n<div align=\"center\">s\u00f3 voc\u00ea mais nada<\/div>\n<div align=\"center\">voc\u00ea e eu <\/div>\n<div align=\"center\">cala meu amor<\/div>\n<div align=\"center\">dois meninos<\/div>\n<div align=\"center\">depois do amor<\/div>\n<div align=\"center\">recado a solid\u00e3o<\/div>\n<div align=\"center\">errinho a toa<\/div>\n<div align=\"center\"><\/div>\n","protected":false},"excerpt":{"rendered":"<p>Mais uma vez dando as caras no Toque Musical, a grande Maysa! Cantora, compositora e um nome sempre lembrado na m\u00fasica brasileira. Da bossa \u00e0 fossa, sempre impec\u00e1vel. Este disco, eu acredito, foi lan\u00e7ado logo ap\u00f3s a sua morte. Talvez &hellip; <a href=\"https:\/\/www.toque-musicall.com\/?p=1511\">Continue lendo <span class=\"meta-nav\">&rarr;<\/span><\/a><\/p>\n","protected":false},"author":1,"featured_media":0,"comment_status":"open","ping_status":"closed","sticky":false,"template":"","format":"standard","meta":{"footnotes":""},"categories":[1359],"tags":[],"class_list":["post-1511","post","type-post","status-publish","format-standard","hentry","category-maysa"],"_links":{"self":[{"href":"https:\/\/www.toque-musicall.com\/index.php?rest_route=\/wp\/v2\/posts\/1511","targetHints":{"allow":["GET"]}}],"collection":[{"href":"https:\/\/www.toque-musicall.com\/index.php?rest_route=\/wp\/v2\/posts"}],"about":[{"href":"https:\/\/www.toque-musicall.com\/index.php?rest_route=\/wp\/v2\/types\/post"}],"author":[{"embeddable":true,"href":"https:\/\/www.toque-musicall.com\/index.php?rest_route=\/wp\/v2\/users\/1"}],"replies":[{"embeddable":true,"href":"https:\/\/www.toque-musicall.com\/index.php?rest_route=%2Fwp%2Fv2%2Fcomments&post=1511"}],"version-history":[{"count":0,"href":"https:\/\/www.toque-musicall.com\/index.php?rest_route=\/wp\/v2\/posts\/1511\/revisions"}],"wp:attachment":[{"href":"https:\/\/www.toque-musicall.com\/index.php?rest_route=%2Fwp%2Fv2%2Fmedia&parent=1511"}],"wp:term":[{"taxonomy":"category","embeddable":true,"href":"https:\/\/www.toque-musicall.com\/index.php?rest_route=%2Fwp%2Fv2%2Fcategories&post=1511"},{"taxonomy":"post_tag","embeddable":true,"href":"https:\/\/www.toque-musicall.com\/index.php?rest_route=%2Fwp%2Fv2%2Ftags&post=1511"}],"curies":[{"name":"wp","href":"https:\/\/api.w.org\/{rel}","templated":true}]}}