{"id":1515,"date":"2008-08-04T16:29:00","date_gmt":"2008-08-04T16:29:00","guid":{"rendered":"http:\/\/www.toque-musicall.com\/?p=1515"},"modified":"2008-08-04T16:29:00","modified_gmt":"2008-08-04T16:29:00","slug":"hebe-camargo-sou-eu-1960","status":"publish","type":"post","link":"https:\/\/www.toque-musicall.com\/?p=1515","title":{"rendered":"Hebe Camargo &#8211; Sou Eu (1960)"},"content":{"rendered":"<div align=\"left\"><a href=\"http:\/\/3.bp.blogspot.com\/_DSKVEvHtskc\/SJcvSbFsx2I\/AAAAAAAAB0c\/On5CXRlTWuc\/s1600-h\/Hebe+Camargo+P.JPG\"><img decoding=\"async\" id=\"BLOGGER_PHOTO_ID_5230701485769934690\" style=\"DISPLAY: block; MARGIN: 0px auto 10px; CURSOR: hand; TEXT-ALIGN: center\" alt=\"\" src=\"http:\/\/3.bp.blogspot.com\/_DSKVEvHtskc\/SJcvSbFsx2I\/AAAAAAAAB0c\/On5CXRlTWuc\/s400\/Hebe+Camargo+P.JPG\" border=\"0\" \/><\/a>Uma das figuras mais populares da televis\u00e3o nas \u00faltimas quatro d\u00e9cadas \u00e9 sem d\u00favida a apresentadora Hebe Camargo. Mas antes disso, ela j\u00e1 fazia sucesso como cantora, por sinal, uma excelente cantora! Estreou fonograficamente no in\u00edcio dos anos 50, gravando v\u00e1rios discos at\u00e9 a primeira metade dos anos 60. Depois entrou para a televis\u00e3o como apresentadora. Trocou o disco pelo sof\u00e1 e nele fez a sua fama. Ao longo desse tempo, na televis\u00e3o, poucas vezes se aventurou em um novo \u00e1lbum. Me parece que s\u00f3 chegou a lan\u00e7ar dois disco, mas nada comparado aos bons tempos, como neste lp de 1960. Aqui temos a Hebe essencialmente cantora, acompanhada pelos maestros Francisco Moraes e M\u00e1rio Gennari Filho com conjunto e c\u00f4ro.<\/div>\n<p><\/p>\n<div align=\"center\">quem \u00e9<\/div>\n<div align=\"center\">cupido n\u00e3o falhou<\/div>\n<div align=\"center\">conversa<\/div>\n<div align=\"center\">lua escura<\/div>\n<div align=\"center\">encontro com a saudade<\/div>\n<div align=\"center\">aus\u00eancia de voc\u00ea<\/div>\n<div align=\"center\">cantiga de quem est\u00e1 s\u00f3<\/div>\n<div align=\"center\">creia<\/div>\n<div align=\"center\">melodia italiana<\/div>\n<div align=\"center\">hino ao amor<\/div>\n<div align=\"center\">a can\u00e7\u00e3o dos seus olhos<\/div>\n<div align=\"center\">mundo mau<\/div>\n<div align=\"center\"><\/div>\n<div align=\"center\"><\/div>\n<div align=\"center\"> <\/div>\n<div align=\"center\"> <\/div>\n","protected":false},"excerpt":{"rendered":"<p>Uma das figuras mais populares da televis\u00e3o nas \u00faltimas quatro d\u00e9cadas \u00e9 sem d\u00favida a apresentadora Hebe Camargo. Mas antes disso, ela j\u00e1 fazia sucesso como cantora, por sinal, uma excelente cantora! Estreou fonograficamente no in\u00edcio dos anos 50, gravando &hellip; <a href=\"https:\/\/www.toque-musicall.com\/?p=1515\">Continue lendo <span class=\"meta-nav\">&rarr;<\/span><\/a><\/p>\n","protected":false},"author":1,"featured_media":0,"comment_status":"open","ping_status":"closed","sticky":false,"template":"","format":"standard","meta":{"footnotes":""},"categories":[1557],"tags":[],"class_list":["post-1515","post","type-post","status-publish","format-standard","hentry","category-hebe-camargo"],"_links":{"self":[{"href":"https:\/\/www.toque-musicall.com\/index.php?rest_route=\/wp\/v2\/posts\/1515","targetHints":{"allow":["GET"]}}],"collection":[{"href":"https:\/\/www.toque-musicall.com\/index.php?rest_route=\/wp\/v2\/posts"}],"about":[{"href":"https:\/\/www.toque-musicall.com\/index.php?rest_route=\/wp\/v2\/types\/post"}],"author":[{"embeddable":true,"href":"https:\/\/www.toque-musicall.com\/index.php?rest_route=\/wp\/v2\/users\/1"}],"replies":[{"embeddable":true,"href":"https:\/\/www.toque-musicall.com\/index.php?rest_route=%2Fwp%2Fv2%2Fcomments&post=1515"}],"version-history":[{"count":0,"href":"https:\/\/www.toque-musicall.com\/index.php?rest_route=\/wp\/v2\/posts\/1515\/revisions"}],"wp:attachment":[{"href":"https:\/\/www.toque-musicall.com\/index.php?rest_route=%2Fwp%2Fv2%2Fmedia&parent=1515"}],"wp:term":[{"taxonomy":"category","embeddable":true,"href":"https:\/\/www.toque-musicall.com\/index.php?rest_route=%2Fwp%2Fv2%2Fcategories&post=1515"},{"taxonomy":"post_tag","embeddable":true,"href":"https:\/\/www.toque-musicall.com\/index.php?rest_route=%2Fwp%2Fv2%2Ftags&post=1515"}],"curies":[{"name":"wp","href":"https:\/\/api.w.org\/{rel}","templated":true}]}}