{"id":1531,"date":"2008-07-23T16:08:00","date_gmt":"2008-07-23T16:08:00","guid":{"rendered":"http:\/\/www.toque-musicall.com\/?p=1531"},"modified":"2008-07-23T16:08:00","modified_gmt":"2008-07-23T16:08:00","slug":"charles-delaney-e-sua-orquestra-festival-1970","status":"publish","type":"post","link":"https:\/\/www.toque-musicall.com\/?p=1531","title":{"rendered":"Charles Delaney E Sua Orquestra &#8211; Festival (1970)"},"content":{"rendered":"<div align=\"left\"><a href=\"http:\/\/3.bp.blogspot.com\/_DSKVEvHtskc\/SIdX9AENrOI\/AAAAAAAABxE\/FslLATgSHmk\/s1600-h\/charles+delaney+P.JPG\"><img decoding=\"async\" id=\"BLOGGER_PHOTO_ID_5226242598088060130\" style=\"DISPLAY: block; MARGIN: 0px auto 10px; CURSOR: hand; TEXT-ALIGN: center\" alt=\"\" src=\"http:\/\/3.bp.blogspot.com\/_DSKVEvHtskc\/SIdX9AENrOI\/AAAAAAAABxE\/FslLATgSHmk\/s400\/charles+delaney+P.JPG\" border=\"0\" \/><\/a> Quando falo da obscuridade deste selo n\u00e3o \u00e9 atoa. Aqui temos Charles Delaney e Sua Orquestra um exemplo t\u00edpico de um trabalho da Paladium. Uma produ\u00e7\u00e3o legal, mas sem nenhuma informa\u00e7\u00e3o sobre o artista e tab\u00e9m sem data. <\/div>\n<div align=\"left\">Olhando pela capa e pelo t\u00edtulo dir\u00edamos que se trata de um disco orquestral, meio jazz ou algo assim. Realmente essa id\u00e9ia n\u00e3o fica longe, mas o trabalho tem vocal e est\u00e1 mais para o pop com pitadas de bossa nova.<\/div>\n<div align=\"left\">Eu tenho para mim, que a Paladium \u00e9 apenas um nome por tr\u00e1s da Bemol. Mas ainda n\u00e3o achei um registro dessa est\u00f3ria. Gostaria muito de contar com a ajuda de algu\u00e9m que por acaso saiba o que foi afinal este selo. Algu\u00e9m se habilita?<\/div>\n<p><\/p>\n<div align=\"center\">travessia<\/div>\n<div align=\"center\">mame<\/div>\n<div align=\"center\">alegria, alegria<\/div>\n<div align=\"center\">sonho de lugar<\/div>\n<div align=\"center\">margarida<\/div>\n<div align=\"center\">i&#8217;m a believer<\/div>\n<div align=\"center\">carolina<\/div>\n<div align=\"center\">vesti azul<\/div>\n<div align=\"center\">roda viva<\/div>\n<div align=\"center\">s\u00f3 pode ser amor<\/div>\n<div align=\"center\">maria carnaval e cinzas<\/div>\n<div align=\"center\">cherish<\/div>\n<div align=\"center\"><\/div>\n<div align=\"center\"><\/div>\n<div align=\"center\"> <\/div>\n<div align=\"center\"> <\/div>\n","protected":false},"excerpt":{"rendered":"<p>Quando falo da obscuridade deste selo n\u00e3o \u00e9 atoa. Aqui temos Charles Delaney e Sua Orquestra um exemplo t\u00edpico de um trabalho da Paladium. Uma produ\u00e7\u00e3o legal, mas sem nenhuma informa\u00e7\u00e3o sobre o artista e tab\u00e9m sem data. Olhando pela &hellip; <a href=\"https:\/\/www.toque-musicall.com\/?p=1531\">Continue lendo <span class=\"meta-nav\">&rarr;<\/span><\/a><\/p>\n","protected":false},"author":1,"featured_media":0,"comment_status":"open","ping_status":"closed","sticky":false,"template":"","format":"standard","meta":{"footnotes":""},"categories":[1680],"tags":[],"class_list":["post-1531","post","type-post","status-publish","format-standard","hentry","category-charles-delaney-e-sua-orquestra"],"_links":{"self":[{"href":"https:\/\/www.toque-musicall.com\/index.php?rest_route=\/wp\/v2\/posts\/1531","targetHints":{"allow":["GET"]}}],"collection":[{"href":"https:\/\/www.toque-musicall.com\/index.php?rest_route=\/wp\/v2\/posts"}],"about":[{"href":"https:\/\/www.toque-musicall.com\/index.php?rest_route=\/wp\/v2\/types\/post"}],"author":[{"embeddable":true,"href":"https:\/\/www.toque-musicall.com\/index.php?rest_route=\/wp\/v2\/users\/1"}],"replies":[{"embeddable":true,"href":"https:\/\/www.toque-musicall.com\/index.php?rest_route=%2Fwp%2Fv2%2Fcomments&post=1531"}],"version-history":[{"count":0,"href":"https:\/\/www.toque-musicall.com\/index.php?rest_route=\/wp\/v2\/posts\/1531\/revisions"}],"wp:attachment":[{"href":"https:\/\/www.toque-musicall.com\/index.php?rest_route=%2Fwp%2Fv2%2Fmedia&parent=1531"}],"wp:term":[{"taxonomy":"category","embeddable":true,"href":"https:\/\/www.toque-musicall.com\/index.php?rest_route=%2Fwp%2Fv2%2Fcategories&post=1531"},{"taxonomy":"post_tag","embeddable":true,"href":"https:\/\/www.toque-musicall.com\/index.php?rest_route=%2Fwp%2Fv2%2Ftags&post=1531"}],"curies":[{"name":"wp","href":"https:\/\/api.w.org\/{rel}","templated":true}]}}