{"id":1552,"date":"2008-07-13T00:03:00","date_gmt":"2008-07-13T00:03:00","guid":{"rendered":"http:\/\/www.toque-musicall.com\/?p=1552"},"modified":"2008-07-13T00:03:00","modified_gmt":"2008-07-13T00:03:00","slug":"grupo-raizes-1974","status":"publish","type":"post","link":"https:\/\/www.toque-musicall.com\/?p=1552","title":{"rendered":"Grupo Ra\u00edzes (1974)"},"content":{"rendered":"<div align=\"left\"><a href=\"http:\/\/1.bp.blogspot.com\/_DSKVEvHtskc\/SHlHp3O6OfI\/AAAAAAAABuA\/tIfG3mpeyuA\/s1600-h\/grupo+raizes+P.JPG\"><img decoding=\"async\" id=\"BLOGGER_PHOTO_ID_5222284027439495666\" style=\"DISPLAY: block; MARGIN: 0px auto 10px; CURSOR: hand; TEXT-ALIGN: center\" alt=\"\" src=\"http:\/\/1.bp.blogspot.com\/_DSKVEvHtskc\/SHlHp3O6OfI\/AAAAAAAABuA\/tIfG3mpeyuA\/s400\/grupo+raizes+P.JPG\" border=\"0\" \/><\/a>Aqui venho eu nesta noite com um \u00e1lbum raro em todos os sentidos. Lan\u00e7ado em 1974, este lp correu na m\u00e3o e nos ouvidos de poucos. Talvez por essa raz\u00e3o, hoje ele n\u00e3o seja muito lembrado. O Grupo Ra\u00edzes era formado por sete m\u00fasicos, sendo \u00c2ngela Linhares e Tino Gomes dois dos membros que viriam a se destacar posteriormente. \u00c2ngela, cantora e compositora cearense, a seguir integrou o Massafeira de Ednardo. Tino Gomes, por sua vez, seguiu carreira solo como m\u00fasico independente. Hoje trabalha tamb\u00e9m como ator\/humorista ao lado de Saulo Laranjeira.<br \/>Este \u00e1lbum \u00e9 sem d\u00favida um disca\u00e7o onde temos al\u00e9m de composi\u00e7\u00f5es pr\u00f3prias, algumas adapta\u00e7\u00f5es do folclore mineiro. Vale a pena conferir mais este toque&#8230;<\/div>\n<p><\/p>\n<div align=\"center\">cantoria de foqgueira<\/div>\n<div align=\"center\">l\u00e1 no p\u00e9 da serra<\/div>\n<div align=\"center\">p\u00e9de genipapo<\/div>\n<div align=\"center\">coerencia n.1<\/div>\n<div align=\"center\">encal\u00e7o<\/div>\n<div align=\"center\">fotografia<\/div>\n<div align=\"center\">cantiga da chegada<\/div>\n<div align=\"center\">desentoado<\/div>\n<div align=\"center\">leil\u00e3o<\/div>\n<div align=\"center\">farol da salva\u00e7\u00e3o<\/div>\n<div align=\"center\">atelier do ricardo<\/div>\n<div align=\"center\">do rio e das pedras<\/div>\n<div align=\"center\"><\/div>\n<div align=\"center\"><\/div>\n<div align=\"center\"> <\/div>\n<div align=\"center\"> <\/div>\n","protected":false},"excerpt":{"rendered":"<p>Aqui venho eu nesta noite com um \u00e1lbum raro em todos os sentidos. Lan\u00e7ado em 1974, este lp correu na m\u00e3o e nos ouvidos de poucos. Talvez por essa raz\u00e3o, hoje ele n\u00e3o seja muito lembrado. O Grupo Ra\u00edzes era &hellip; <a href=\"https:\/\/www.toque-musicall.com\/?p=1552\">Continue lendo <span class=\"meta-nav\">&rarr;<\/span><\/a><\/p>\n","protected":false},"author":1,"featured_media":0,"comment_status":"open","ping_status":"closed","sticky":false,"template":"","format":"standard","meta":{"footnotes":""},"categories":[924],"tags":[],"class_list":["post-1552","post","type-post","status-publish","format-standard","hentry","category-grupo-raizes"],"_links":{"self":[{"href":"https:\/\/www.toque-musicall.com\/index.php?rest_route=\/wp\/v2\/posts\/1552","targetHints":{"allow":["GET"]}}],"collection":[{"href":"https:\/\/www.toque-musicall.com\/index.php?rest_route=\/wp\/v2\/posts"}],"about":[{"href":"https:\/\/www.toque-musicall.com\/index.php?rest_route=\/wp\/v2\/types\/post"}],"author":[{"embeddable":true,"href":"https:\/\/www.toque-musicall.com\/index.php?rest_route=\/wp\/v2\/users\/1"}],"replies":[{"embeddable":true,"href":"https:\/\/www.toque-musicall.com\/index.php?rest_route=%2Fwp%2Fv2%2Fcomments&post=1552"}],"version-history":[{"count":0,"href":"https:\/\/www.toque-musicall.com\/index.php?rest_route=\/wp\/v2\/posts\/1552\/revisions"}],"wp:attachment":[{"href":"https:\/\/www.toque-musicall.com\/index.php?rest_route=%2Fwp%2Fv2%2Fmedia&parent=1552"}],"wp:term":[{"taxonomy":"category","embeddable":true,"href":"https:\/\/www.toque-musicall.com\/index.php?rest_route=%2Fwp%2Fv2%2Fcategories&post=1552"},{"taxonomy":"post_tag","embeddable":true,"href":"https:\/\/www.toque-musicall.com\/index.php?rest_route=%2Fwp%2Fv2%2Ftags&post=1552"}],"curies":[{"name":"wp","href":"https:\/\/api.w.org\/{rel}","templated":true}]}}