{"id":1556,"date":"2008-07-10T18:23:00","date_gmt":"2008-07-10T18:23:00","guid":{"rendered":"http:\/\/www.toque-musicall.com\/?p=1556"},"modified":"2008-07-10T18:23:00","modified_gmt":"2008-07-10T18:23:00","slug":"os-vibrantes-25-anos-da-radio-inconfidencia-1961","status":"publish","type":"post","link":"https:\/\/www.toque-musicall.com\/?p=1556","title":{"rendered":"Os Vibrantes 25 Anos Da R\u00e1dio Inconfid\u00eancia (1961)"},"content":{"rendered":"<div align=\"left\"><a href=\"http:\/\/4.bp.blogspot.com\/_DSKVEvHtskc\/SHZUZ4WA1PI\/AAAAAAAABsM\/nLW3eATwYF4\/s1600-h\/Os+vibrates+25+P.JPG\"><img decoding=\"async\" id=\"BLOGGER_PHOTO_ID_5221453621580846322\" style=\"DISPLAY: block; MARGIN: 0px auto 10px; CURSOR: hand; TEXT-ALIGN: center\" alt=\"\" src=\"http:\/\/4.bp.blogspot.com\/_DSKVEvHtskc\/SHZUZ4WA1PI\/AAAAAAAABsM\/nLW3eATwYF4\/s400\/Os+vibrates+25+P.JPG\" border=\"0\" \/><\/a> Eis a\u00ed um disco extremamente raro que s\u00f3 mesmo atrav\u00e9s de um blog musical voc\u00ea teria acesso. Este disco foi lan\u00e7ado em 1961 em comemora\u00e7\u00e3o aos ent\u00e3o 25 anos da R\u00e1dio Inconfid\u00eancia de Minas Gerais. Uma das mais antigas e tradicional r\u00e1dio mineira, tamb\u00e9m foi ber\u00e7o e palco de grandes nomes da m\u00fasica brasileira. Neste lp temos a Orquestra da R\u00e1dio Inconfid\u00eancia sob a reg\u00eancia do maestro Moacyr Portes tocando e acompanhando os diversos cantores do &#8216;cast&#8217; da Inconfid\u00eancia. Na \u00e9poca, esta era a \u00fanica emissora em Minas que mantinha uma equipe efetiva de artistas. Uma boa curiosidade do \u00e1lbum \u00e9 a presen\u00e7a de Clara Nunes, ainda em in\u00edcio de carreira. Ouvindo este disco temos a certeza de que a m\u00fasica em Minas Gerais tamb\u00e9m tem sua pr\u00f3ria hist\u00f3ria de r\u00e1dio. Excelente disco, tem que ouvir!<\/div>\n<p><\/p>\n<div align=\"center\">ginga 57 &#8211; moacyr portes e orquestra<\/div>\n<div align=\"center\">flor bonita &#8211; canta gilberto santana<\/div>\n<div align=\"center\">hist\u00f3ria do beijo &#8211; canta vera regina<\/div>\n<div align=\"center\">eres la mujer &#8211; canta alaor brasil<\/div>\n<div align=\"center\">\u00e9 mentira &#8211; canta marilu<\/div>\n<div align=\"center\">foi assim &#8211; canta celso garcia<\/div>\n<div align=\"center\">\u00e9 para prestar aten\u00e7\u00e3o &#8211; moacyr portes e orquestra<\/div>\n<div align=\"center\">boa noite, amor &#8211; canta fernando figueiredo<\/div>\n<div align=\"center\">vida cruel &#8211; canta clara nunes<\/div>\n<div align=\"center\">sincopado &#8211; moacyr portes e orquestra<\/div>\n<div align=\"center\">deus me castigue &#8211; canta nadir lima<\/div>\n<div align=\"center\">m\u00e3e maria &#8211; canta jos\u00e9 dias<\/div>\n<div align=\"center\"><\/div>\n<div align=\"center\"><\/div>\n<div align=\"center\"><\/div>\n<div align=\"center\"><\/div>\n","protected":false},"excerpt":{"rendered":"<p>Eis a\u00ed um disco extremamente raro que s\u00f3 mesmo atrav\u00e9s de um blog musical voc\u00ea teria acesso. Este disco foi lan\u00e7ado em 1961 em comemora\u00e7\u00e3o aos ent\u00e3o 25 anos da R\u00e1dio Inconfid\u00eancia de Minas Gerais. Uma das mais antigas e &hellip; <a href=\"https:\/\/www.toque-musicall.com\/?p=1556\">Continue lendo <span class=\"meta-nav\">&rarr;<\/span><\/a><\/p>\n","protected":false},"author":1,"featured_media":0,"comment_status":"open","ping_status":"closed","sticky":false,"template":"","format":"standard","meta":{"footnotes":""},"categories":[1698,1303],"tags":[],"class_list":["post-1556","post","type-post","status-publish","format-standard","hentry","category-os-vibrantes-25-anos-da-radio-inconfidencia","category-variados"],"_links":{"self":[{"href":"https:\/\/www.toque-musicall.com\/index.php?rest_route=\/wp\/v2\/posts\/1556","targetHints":{"allow":["GET"]}}],"collection":[{"href":"https:\/\/www.toque-musicall.com\/index.php?rest_route=\/wp\/v2\/posts"}],"about":[{"href":"https:\/\/www.toque-musicall.com\/index.php?rest_route=\/wp\/v2\/types\/post"}],"author":[{"embeddable":true,"href":"https:\/\/www.toque-musicall.com\/index.php?rest_route=\/wp\/v2\/users\/1"}],"replies":[{"embeddable":true,"href":"https:\/\/www.toque-musicall.com\/index.php?rest_route=%2Fwp%2Fv2%2Fcomments&post=1556"}],"version-history":[{"count":0,"href":"https:\/\/www.toque-musicall.com\/index.php?rest_route=\/wp\/v2\/posts\/1556\/revisions"}],"wp:attachment":[{"href":"https:\/\/www.toque-musicall.com\/index.php?rest_route=%2Fwp%2Fv2%2Fmedia&parent=1556"}],"wp:term":[{"taxonomy":"category","embeddable":true,"href":"https:\/\/www.toque-musicall.com\/index.php?rest_route=%2Fwp%2Fv2%2Fcategories&post=1556"},{"taxonomy":"post_tag","embeddable":true,"href":"https:\/\/www.toque-musicall.com\/index.php?rest_route=%2Fwp%2Fv2%2Ftags&post=1556"}],"curies":[{"name":"wp","href":"https:\/\/api.w.org\/{rel}","templated":true}]}}