{"id":1557,"date":"2008-07-10T00:46:00","date_gmt":"2008-07-10T00:46:00","guid":{"rendered":"http:\/\/www.toque-musicall.com\/?p=1557"},"modified":"2008-07-10T00:46:00","modified_gmt":"2008-07-10T00:46:00","slug":"iv-sambacana-pacifico-mascarenhas-1971","status":"publish","type":"post","link":"https:\/\/www.toque-musicall.com\/?p=1557","title":{"rendered":"IV Sambacana &#8211; Pac\u00edfico Mascarenhas (1971)"},"content":{"rendered":"<p><a href=\"http:\/\/2.bp.blogspot.com\/_DSKVEvHtskc\/SHVuKTfZ7uI\/AAAAAAAABr8\/8UdWFa17lXI\/s1600-h\/iv+sambacana+P.JPG\"><img decoding=\"async\" id=\"BLOGGER_PHOTO_ID_5221200466315701986\" style=\"DISPLAY: block; MARGIN: 0px auto 10px; CURSOR: hand; TEXT-ALIGN: center\" alt=\"\" src=\"http:\/\/2.bp.blogspot.com\/_DSKVEvHtskc\/SHVuKTfZ7uI\/AAAAAAAABr8\/8UdWFa17lXI\/s400\/iv+sambacana+P.JPG\" border=\"0\" \/><\/a>Tenho aqui mais um disco do Pac\u00edfico Mascarenhas e seu Sambacana. Na verdade, um disco do conjunto, sem a participa\u00e7\u00e3o efetiva de Pac\u00edfico. O IV Sambacana foi um \u00e1lbum lan\u00e7ado pela Top Tape em 1971 e reunia nomes como Toninho Horta, Novelli, Nivaldo Ornelas, Roberto e Suzana Tostes, entre outros&#8230; Wagner Tiso tamb\u00e9m participa do disco cuidando dos teclados e de todos os arranjos. Imperd\u00edvel!<\/p>\n<div align=\"center\">num desses dias<\/div>\n<div align=\"center\">o vento que soprou<\/div>\n<div align=\"center\">tardinha<\/div>\n<div align=\"center\">minha ex-namorada<\/div>\n<div align=\"center\">via <\/div>\n<div align=\"center\">programa de domingo<\/div>\n<div align=\"center\">pouca dura\u00e7\u00e3o<\/div>\n<div align=\"center\">amar pr\u00e1 qu\u00ea?<\/div>\n<div align=\"center\">saudade da rua<\/div>\n<div align=\"center\">tom da can\u00e7\u00e3o<\/div>\n<div align=\"center\">prezada amada<\/div>\n<div align=\"center\">minha cidade<\/div>\n<div align=\"center\"><\/div>\n<div align=\"center\"><\/div>\n<div align=\"center\"> <\/div>\n<div align=\"center\"> <\/div>\n<div align=\"center\"> <\/div>\n","protected":false},"excerpt":{"rendered":"<p>Tenho aqui mais um disco do Pac\u00edfico Mascarenhas e seu Sambacana. Na verdade, um disco do conjunto, sem a participa\u00e7\u00e3o efetiva de Pac\u00edfico. O IV Sambacana foi um \u00e1lbum lan\u00e7ado pela Top Tape em 1971 e reunia nomes como Toninho &hellip; <a href=\"https:\/\/www.toque-musicall.com\/?p=1557\">Continue lendo <span class=\"meta-nav\">&rarr;<\/span><\/a><\/p>\n","protected":false},"author":1,"featured_media":0,"comment_status":"open","ping_status":"closed","sticky":false,"template":"","format":"standard","meta":{"footnotes":""},"categories":[1179,1180],"tags":[],"class_list":["post-1557","post","type-post","status-publish","format-standard","hentry","category-conjunto-sambacana","category-pacifico-mascarenhas"],"_links":{"self":[{"href":"https:\/\/www.toque-musicall.com\/index.php?rest_route=\/wp\/v2\/posts\/1557","targetHints":{"allow":["GET"]}}],"collection":[{"href":"https:\/\/www.toque-musicall.com\/index.php?rest_route=\/wp\/v2\/posts"}],"about":[{"href":"https:\/\/www.toque-musicall.com\/index.php?rest_route=\/wp\/v2\/types\/post"}],"author":[{"embeddable":true,"href":"https:\/\/www.toque-musicall.com\/index.php?rest_route=\/wp\/v2\/users\/1"}],"replies":[{"embeddable":true,"href":"https:\/\/www.toque-musicall.com\/index.php?rest_route=%2Fwp%2Fv2%2Fcomments&post=1557"}],"version-history":[{"count":0,"href":"https:\/\/www.toque-musicall.com\/index.php?rest_route=\/wp\/v2\/posts\/1557\/revisions"}],"wp:attachment":[{"href":"https:\/\/www.toque-musicall.com\/index.php?rest_route=%2Fwp%2Fv2%2Fmedia&parent=1557"}],"wp:term":[{"taxonomy":"category","embeddable":true,"href":"https:\/\/www.toque-musicall.com\/index.php?rest_route=%2Fwp%2Fv2%2Fcategories&post=1557"},{"taxonomy":"post_tag","embeddable":true,"href":"https:\/\/www.toque-musicall.com\/index.php?rest_route=%2Fwp%2Fv2%2Ftags&post=1557"}],"curies":[{"name":"wp","href":"https:\/\/api.w.org\/{rel}","templated":true}]}}