{"id":1565,"date":"2008-07-06T02:50:00","date_gmt":"2008-07-06T02:50:00","guid":{"rendered":"http:\/\/www.toque-musicall.com\/?p=1565"},"modified":"2008-07-06T02:50:00","modified_gmt":"2008-07-06T02:50:00","slug":"walter-franco-revolver-1975","status":"publish","type":"post","link":"https:\/\/www.toque-musicall.com\/?p=1565","title":{"rendered":"Walter Franco &#8211; Revolver (1975)"},"content":{"rendered":"<div align=\"left\"><a href=\"http:\/\/2.bp.blogspot.com\/_DSKVEvHtskc\/SHAzDmph9hI\/AAAAAAAABq0\/Urk1nen1hX0\/s1600-h\/walter+Franco+P.JPG\"><img decoding=\"async\" id=\"BLOGGER_PHOTO_ID_5219728105129768466\" style=\"DISPLAY: block; MARGIN: 0px auto 10px; CURSOR: hand; TEXT-ALIGN: center\" alt=\"\" src=\"http:\/\/2.bp.blogspot.com\/_DSKVEvHtskc\/SHAzDmph9hI\/AAAAAAAABq0\/Urk1nen1hX0\/s400\/walter+Franco+P.JPG\" border=\"0\" \/><\/a>Finalmente! Depois de muito esperar, chegou a vez do Walter Fran\u00e7o e seu disca\u00e7o &#8220;Revolver&#8221;. Este \u00e1lbum era para ter sido postado nos primeiros passos do Toque Musical, mas como ele j\u00e1 tinha virado figurinha f\u00e1cil em outros blogs, achei melhor n\u00e3o public\u00e1-lo naquele momento. Mas este \u00e9 um daqueles discos que eu fa\u00e7o quest\u00e3o de t\u00ea-lo no TM. Pessoalmente acho este o melhor \u00e1lbum de Walter Franco. E \u00e9 ele quem o define:<br \/>&#8220;Revolver \u00e9 mesmo a palavra exata para esse disco, esse momento. Revolver tudo o que eu ouvi, tudo o que eu sou. Revolver as pessoas. A eletricidade&#8230; \u00e9 o est\u00fadio&#8230; as contagens&#8230; j\u00e1 que estou num est\u00fadio, ent\u00e3o vamos entend\u00ea-lo, us\u00e1-lo como um canal, aproveitar tudo, revolver&#8230;\u201d.<\/p>\n<div align=\"center\"> Feito Gente<\/div>\n<div align=\"center\"> Eternamente<\/div>\n<div align=\"center\">Mam\u00e3e D\u00b4\u00e1gua<\/div>\n<div align=\"center\"> Partir do Alto \/ Animal Sentimental<\/div>\n<div align=\"center\"> 1 Pensamento<\/div>\n<div align=\"center\"> Toque Fr\u00e1gil<\/div>\n<div align=\"center\">Nothing<\/div>\n<div align=\"center\">Arte e Manha<\/div>\n<div align=\"center\">Apesar de Tudo \u00e9 Muito Leve<\/div>\n<div align=\"center\"> Cachorro Babucho<\/div>\n<div align=\"center\"> Bumbo do Mundo<\/div>\n<div align=\"center\">Pir\u00e2mides<\/div>\n<div align=\"center\">Cena Maravilhosa<\/div>\n<div align=\"center\"> Revolver<\/div>\n<div align=\"center\"><\/div>\n<div align=\"center\"><\/div>\n<div align=\"center\"> <\/div>\n<\/div>\n","protected":false},"excerpt":{"rendered":"<p>Finalmente! Depois de muito esperar, chegou a vez do Walter Fran\u00e7o e seu disca\u00e7o &#8220;Revolver&#8221;. Este \u00e1lbum era para ter sido postado nos primeiros passos do Toque Musical, mas como ele j\u00e1 tinha virado figurinha f\u00e1cil em outros blogs, achei &hellip; <a href=\"https:\/\/www.toque-musicall.com\/?p=1565\">Continue lendo <span class=\"meta-nav\">&rarr;<\/span><\/a><\/p>\n","protected":false},"author":1,"featured_media":0,"comment_status":"open","ping_status":"closed","sticky":false,"template":"","format":"standard","meta":{"footnotes":""},"categories":[1703],"tags":[],"class_list":["post-1565","post","type-post","status-publish","format-standard","hentry","category-walter-franco"],"_links":{"self":[{"href":"https:\/\/www.toque-musicall.com\/index.php?rest_route=\/wp\/v2\/posts\/1565","targetHints":{"allow":["GET"]}}],"collection":[{"href":"https:\/\/www.toque-musicall.com\/index.php?rest_route=\/wp\/v2\/posts"}],"about":[{"href":"https:\/\/www.toque-musicall.com\/index.php?rest_route=\/wp\/v2\/types\/post"}],"author":[{"embeddable":true,"href":"https:\/\/www.toque-musicall.com\/index.php?rest_route=\/wp\/v2\/users\/1"}],"replies":[{"embeddable":true,"href":"https:\/\/www.toque-musicall.com\/index.php?rest_route=%2Fwp%2Fv2%2Fcomments&post=1565"}],"version-history":[{"count":0,"href":"https:\/\/www.toque-musicall.com\/index.php?rest_route=\/wp\/v2\/posts\/1565\/revisions"}],"wp:attachment":[{"href":"https:\/\/www.toque-musicall.com\/index.php?rest_route=%2Fwp%2Fv2%2Fmedia&parent=1565"}],"wp:term":[{"taxonomy":"category","embeddable":true,"href":"https:\/\/www.toque-musicall.com\/index.php?rest_route=%2Fwp%2Fv2%2Fcategories&post=1565"},{"taxonomy":"post_tag","embeddable":true,"href":"https:\/\/www.toque-musicall.com\/index.php?rest_route=%2Fwp%2Fv2%2Ftags&post=1565"}],"curies":[{"name":"wp","href":"https:\/\/api.w.org\/{rel}","templated":true}]}}