{"id":1569,"date":"2008-07-03T19:52:00","date_gmt":"2008-07-03T19:52:00","guid":{"rendered":"http:\/\/www.toque-musicall.com\/?p=1569"},"modified":"2008-07-03T19:52:00","modified_gmt":"2008-07-03T19:52:00","slug":"ronnie-von-n-3-1967","status":"publish","type":"post","link":"https:\/\/www.toque-musicall.com\/?p=1569","title":{"rendered":"Ronnie Von &#8211; N. 3 (1967)"},"content":{"rendered":"<div align=\"left\"><a href=\"http:\/\/2.bp.blogspot.com\/_DSKVEvHtskc\/SG02CgVY_nI\/AAAAAAAABqU\/l6VoeZDfmIA\/s1600-h\/Ronnie+Von+P.JPG\"><img decoding=\"async\" id=\"BLOGGER_PHOTO_ID_5218886959859564146\" style=\"DISPLAY: block; MARGIN: 0px auto 10px; CURSOR: hand; TEXT-ALIGN: center\" alt=\"\" src=\"http:\/\/2.bp.blogspot.com\/_DSKVEvHtskc\/SG02CgVY_nI\/AAAAAAAABqU\/l6VoeZDfmIA\/s400\/Ronnie+Von+P.JPG\" border=\"0\" \/><\/a>Ainda na onda da Jovem Guarda, para acompanhar o nosso amigo Jean Carlo, segue aqui o n\u00e3o menos perdido Ronnie Von. Ta\u00ed um artista que parecia ter futuro e hoje percebemos que s\u00f3 tem passado. Acho o Ronnie Von um tipo indefinido, que tem cara de rock, voz de bossa, jeito de tropicalista, mas que acabou mesmo ficando na onda da Jovem Guarda. Preferiu ser o belo a ser o fera. Ficou encima do muro e acabou caindo no popular como cantor romantico.<\/div>\n<div align=\"left\">Em seu terceiro lp, este \u00e1lbum de luxo em capa dupla, temos alguns momentos memor\u00e1veis e participa\u00e7\u00f5es especiais como a de Caetano Veloso em &#8220;Pra chatear&#8221;, al\u00e9m de Mutantes e Beat Boys. Os arranjos s\u00e3o de Rog\u00e9rio Duprat, o que garante ao disco uma qualidade que mesmo a faixa &#8220;Vamos falar de voc\u00ea&#8221; n\u00e3o consegue estragar o prazer de ouvir o lp. <\/div>\n<p><\/p>\n<div align=\"center\">Uma D\u00fazia De Rosas <\/div>\n<div align=\"center\">O Homem Da Bicicleta <\/div>\n<div align=\"center\">A Chave <\/div>\n<div align=\"center\">Minha Gente <\/div>\n<div align=\"center\">Belinha <\/div>\n<div align=\"center\">Vamos Falar De Voc\u00ea <\/div>\n<div align=\"center\"> Soneca Contra O Bar\u00e3o Vermelho <\/div>\n<div align=\"center\"> Pra Chatear <\/div>\n<div align=\"center\">A Filha Do Rei <\/div>\n<div align=\"center\">Meu Mundo Azul <\/div>\n<div align=\"center\"> \u00daltimo Homem Da Terra<\/div>\n<div align=\"center\"> O Manequim<\/div>\n<div align=\"center\"> A Import\u00e2ncia Da Flor <\/div>\n<div align=\"center\"> Jardim De Inf\u00e2ncia<\/div>\n<div align=\"center\"><\/div>\n<div align=\"center\"><\/div>\n","protected":false},"excerpt":{"rendered":"<p>Ainda na onda da Jovem Guarda, para acompanhar o nosso amigo Jean Carlo, segue aqui o n\u00e3o menos perdido Ronnie Von. Ta\u00ed um artista que parecia ter futuro e hoje percebemos que s\u00f3 tem passado. Acho o Ronnie Von um &hellip; <a href=\"https:\/\/www.toque-musicall.com\/?p=1569\">Continue lendo <span class=\"meta-nav\">&rarr;<\/span><\/a><\/p>\n","protected":false},"author":1,"featured_media":0,"comment_status":"open","ping_status":"closed","sticky":false,"template":"","format":"standard","meta":{"footnotes":""},"categories":[519],"tags":[],"class_list":["post-1569","post","type-post","status-publish","format-standard","hentry","category-ronnie-von"],"_links":{"self":[{"href":"https:\/\/www.toque-musicall.com\/index.php?rest_route=\/wp\/v2\/posts\/1569","targetHints":{"allow":["GET"]}}],"collection":[{"href":"https:\/\/www.toque-musicall.com\/index.php?rest_route=\/wp\/v2\/posts"}],"about":[{"href":"https:\/\/www.toque-musicall.com\/index.php?rest_route=\/wp\/v2\/types\/post"}],"author":[{"embeddable":true,"href":"https:\/\/www.toque-musicall.com\/index.php?rest_route=\/wp\/v2\/users\/1"}],"replies":[{"embeddable":true,"href":"https:\/\/www.toque-musicall.com\/index.php?rest_route=%2Fwp%2Fv2%2Fcomments&post=1569"}],"version-history":[{"count":0,"href":"https:\/\/www.toque-musicall.com\/index.php?rest_route=\/wp\/v2\/posts\/1569\/revisions"}],"wp:attachment":[{"href":"https:\/\/www.toque-musicall.com\/index.php?rest_route=%2Fwp%2Fv2%2Fmedia&parent=1569"}],"wp:term":[{"taxonomy":"category","embeddable":true,"href":"https:\/\/www.toque-musicall.com\/index.php?rest_route=%2Fwp%2Fv2%2Fcategories&post=1569"},{"taxonomy":"post_tag","embeddable":true,"href":"https:\/\/www.toque-musicall.com\/index.php?rest_route=%2Fwp%2Fv2%2Ftags&post=1569"}],"curies":[{"name":"wp","href":"https:\/\/api.w.org\/{rel}","templated":true}]}}