{"id":157,"date":"2012-02-12T01:44:00","date_gmt":"2012-02-12T01:44:00","guid":{"rendered":"http:\/\/www.toque-musicall.com\/?p=157"},"modified":"2012-02-12T01:44:00","modified_gmt":"2012-02-12T01:44:00","slug":"do-barquinho-ao-aviao-30-anos-de-bossa-nova-30-anos-de-lider-1987","status":"publish","type":"post","link":"https:\/\/www.toque-musicall.com\/?p=157","title":{"rendered":"Do Barquinho Ao Avi\u00e3o: 30 Anos De Bossa Nova &#8211; 30 Anos De Lider (1987)"},"content":{"rendered":"<p><a href=\"http:\/\/1.bp.blogspot.com\/-pSNzdTTgKno\/TzcanWeyIRI\/AAAAAAAABAI\/3gPyntPVeR0\/s1600\/capa+P.JPG\"><img decoding=\"async\" style=\"display:block; margin:0px auto 10px; text-align:center;cursor:pointer; cursor:hand;width: 400px; height: 396px;\" src=\"http:\/\/1.bp.blogspot.com\/-pSNzdTTgKno\/TzcanWeyIRI\/AAAAAAAABAI\/3gPyntPVeR0\/s400\/capa+P.JPG\" border=\"0\" alt=\"\" id=\"BLOGGER_PHOTO_ID_5708060316067307794\" \/><\/a><a href=\"http:\/\/1.bp.blogspot.com\/-18x_gzq0XxY\/TzcafKKHRVI\/AAAAAAAAA_8\/57MF36aJdww\/s1600\/contracapaP.JPG\"><img decoding=\"async\" style=\"display:block; margin:0px auto 10px; text-align:center;cursor:pointer; cursor:hand;width: 400px; height: 398px;\" src=\"http:\/\/1.bp.blogspot.com\/-18x_gzq0XxY\/TzcafKKHRVI\/AAAAAAAAA_8\/57MF36aJdww\/s400\/contracapaP.JPG\" border=\"0\" alt=\"\" id=\"BLOGGER_PHOTO_ID_5708060175320434002\" \/><\/a>Boa noite a todos, amigos cultos e ocultos! Hoje pela manh\u00e3 eu tive a ingrata surpresa de ver que todos os meus &#8216;toques&#8217; de postagens foram apagados do provedor Mediafire. Fiquei realmente muito chateado. Eles limparam todos os meus arquivos. Entraram na minha conta e simplesmente deletaram tudo. Isso, me parece, aconteceu com todos aqueles que tinha arquivos hospedados nesse provedor. Fiquei mesmo injuriado com a postura do Mediafire, mas depois, refletindo, vi que essa talvez tenha sido a melhor op\u00e7\u00e3o, para evitar a degola, semelhante ao que aconteceu com o Megaupload. Apesar de terem &#8216;deletado&#8217; os dados que eu armazenei, sem pagar nada (em termos&#8230;), eles n\u00e3o apagaram a minha conta e est\u00e3o aceitando os &#8216;uploads&#8217; (isso \u00e9 que me intriga). Ok, parti do zero, vamos l\u00e1&#8230; Como existem mais de duas mil postagem carecendo de novos &#8216;toques&#8217; e se torna &#8216;augustalmente&#8217; imposs\u00edvel repor todos eles de uma s\u00f3 vez, farei ent\u00e3o o seguinte&#8230; De agora em diante, o que vale \u00e9 a postagem atual, presente. Quem quiser mesmo conhecer os &#8216;toque musicais&#8217; vai ter que ficar mais ligado, atento ao di\u00e1rio do blog.<\/p>\n<div>As provid\u00eancias que pretendo tomar no momento s\u00e3o as de repor, primeiramente, aquilo que \u00e9 exclusivo no Toque Musical, as \u00faltimas postagens e posteriormente as solicita\u00e7\u00f5es por ordem de entrada. Este \u00e9 um trabalho demorado, da\u00ed pe\u00e7o a compreens\u00e3o e paci\u00eancia dos amigos. Observem que toda postagem atualizada ser\u00e1 um coment\u00e1rio do nosso querido Mediafire. Como n\u00e3o sei por quanto tempo os arquivos ficaram hospedados neste site, sugiro a todos ficarem mais presentes e atentos. Reposi\u00e7\u00e3o agora pode demorar.<\/div>\n<div>Se acaso as portas se fecharem para o &#8216;sobe e desce&#8217;, vou tamb\u00e9m mudar a pol\u00edtica por aqui. Aquilo que antes era de gra\u00e7a, assim poder\u00e1 vir a ser cobrado, pelo menos para pagar a manuten\u00e7\u00e3o e perman\u00eancia dessa fonte.<\/div>\n<div>Confesso que fiquei meio sem tes\u00e3o para fazer a postagem de hoje. Acabei nem preparando nada de especial. Aquela boa colet\u00e2nea ou mesmo uma colabora\u00e7\u00e3o enviada por algum amigo, vai ficar para uma pr\u00f3xima vez. Por\u00e9m, para n\u00e3o dizerem que eu fugi da briga, ou que faltei \u00e0 sess\u00e3o, vai aqui uma colet\u00e2nea comemorativa dos 30 anos de Bossa Nova. Trata-se de um disco promocional usado pela empresa a\u00e9rea Lider. Uma colet\u00e2nea j\u00e1 editada pela Polygram, com sele\u00e7\u00e3o de repert\u00f3rio feita por Roberto Menescal. S\u00e3o m\u00fasicas bem conhecidas de todos e algumas at\u00e9 j\u00e1 apresentadas aqui. N\u00e3o \u00e9 exatamente o que eu queria para hoje, mas diante \u00e0 tudo que ocorreu e aos poucos 15 minutos finais deste s\u00e1bado, s\u00f3 restou mesmo como op\u00e7\u00e3o este lp. Divirtam-se \ud83d\ude42<\/div>\n<div><\/div>\n<div style=\"text-align: center;\">rio &#8211; os cariocas<\/div>\n<div style=\"text-align: center;\">voc\u00ea e eu &#8211; nara le\u00e3o<\/div>\n<div style=\"text-align: center;\">coisa mais linda &#8211; caetano veloso<\/div>\n<div style=\"text-align: center;\">garota de ipanema &#8211; sergio mendes e bossa rio<\/div>\n<div style=\"text-align: center;\">aguas de mar\u00e7o &#8211; tom jobim<\/div>\n<div style=\"text-align: center;\">carta ao tom 74 &#8211; toquinho e vinicius<\/div>\n<div style=\"text-align: center;\">falsa baiana &#8211; jo\u00e3o gilberto<\/div>\n<div style=\"text-align: center;\">surfe board &#8211; roberto menescal e seu conjunto<\/div>\n<div style=\"text-align: center;\">desafinado &#8211; gal costa<\/div>\n<div style=\"text-align: center;\">o barquinho &#8211; tamba trio<\/div>\n<div style=\"text-align: center;\">chega de saudade &#8211; tom jobim<\/div>\n<div style=\"text-align: center;\">corcovado &#8211; sylvia telles<\/div>\n<div style=\"text-align: center;\">borand\u00e1 &#8211; edu lobo e tamba trio<\/div>\n<div style=\"text-align: center;\">triste &#8211; elis regina<\/div>\n<div style=\"text-align: center;\">de palavra em palavra &#8211; mpb-4<\/div>\n<div style=\"text-align: center;\"><\/div>\n<div style=\"text-align: center;\"><\/div>\n","protected":false},"excerpt":{"rendered":"<p>Boa noite a todos, amigos cultos e ocultos! Hoje pela manh\u00e3 eu tive a ingrata surpresa de ver que todos os meus &#8216;toques&#8217; de postagens foram apagados do provedor Mediafire. Fiquei realmente muito chateado. Eles limparam todos os meus arquivos. &hellip; <a href=\"https:\/\/www.toque-musicall.com\/?p=157\">Continue lendo <span class=\"meta-nav\">&rarr;<\/span><\/a><\/p>\n","protected":false},"author":1,"featured_media":0,"comment_status":"open","ping_status":"closed","sticky":false,"template":"","format":"standard","meta":{"footnotes":""},"categories":[136,293,291,292,288,290,295,287,294,289],"tags":[],"class_list":["post-157","post","type-post","status-publish","format-standard","hentry","category-caetano-veloso","category-edu-lobo","category-gal-costa","category-joao-gilberto","category-nara-leao","category-os-cariocas","category-roberto-menescal","category-sylvia-telles","category-tamba-trio","category-tom-jobim"],"_links":{"self":[{"href":"https:\/\/www.toque-musicall.com\/index.php?rest_route=\/wp\/v2\/posts\/157","targetHints":{"allow":["GET"]}}],"collection":[{"href":"https:\/\/www.toque-musicall.com\/index.php?rest_route=\/wp\/v2\/posts"}],"about":[{"href":"https:\/\/www.toque-musicall.com\/index.php?rest_route=\/wp\/v2\/types\/post"}],"author":[{"embeddable":true,"href":"https:\/\/www.toque-musicall.com\/index.php?rest_route=\/wp\/v2\/users\/1"}],"replies":[{"embeddable":true,"href":"https:\/\/www.toque-musicall.com\/index.php?rest_route=%2Fwp%2Fv2%2Fcomments&post=157"}],"version-history":[{"count":0,"href":"https:\/\/www.toque-musicall.com\/index.php?rest_route=\/wp\/v2\/posts\/157\/revisions"}],"wp:attachment":[{"href":"https:\/\/www.toque-musicall.com\/index.php?rest_route=%2Fwp%2Fv2%2Fmedia&parent=157"}],"wp:term":[{"taxonomy":"category","embeddable":true,"href":"https:\/\/www.toque-musicall.com\/index.php?rest_route=%2Fwp%2Fv2%2Fcategories&post=157"},{"taxonomy":"post_tag","embeddable":true,"href":"https:\/\/www.toque-musicall.com\/index.php?rest_route=%2Fwp%2Fv2%2Ftags&post=157"}],"curies":[{"name":"wp","href":"https:\/\/api.w.org\/{rel}","templated":true}]}}