{"id":1570,"date":"2008-07-03T17:32:00","date_gmt":"2008-07-03T17:32:00","guid":{"rendered":"http:\/\/www.toque-musicall.com\/?p=1570"},"modified":"2008-07-03T17:32:00","modified_gmt":"2008-07-03T17:32:00","slug":"jean-carlo-preciso-olhar-pra-voce-1969","status":"publish","type":"post","link":"https:\/\/www.toque-musicall.com\/?p=1570","title":{"rendered":"Jean Carlo &#8211; Preciso Olhar Pra Voc\u00ea (1969)"},"content":{"rendered":"<div align=\"left\"><a href=\"http:\/\/1.bp.blogspot.com\/_DSKVEvHtskc\/SG0N2rzz-qI\/AAAAAAAABqE\/xZMqObwVTAU\/s1600-h\/Jean+Carlo+-+P.JPG\"><img decoding=\"async\" id=\"BLOGGER_PHOTO_ID_5218842776316410530\" style=\"DISPLAY: block; MARGIN: 0px auto 10px; CURSOR: hand; TEXT-ALIGN: center\" alt=\"\" src=\"http:\/\/1.bp.blogspot.com\/_DSKVEvHtskc\/SG0N2rzz-qI\/AAAAAAAABqE\/xZMqObwVTAU\/s400\/Jean+Carlo+-+P.JPG\" border=\"0\" \/><\/a>Neste blog tem sempre uma coisa que leva a outra. Hoje vamos nos levar pelos caminhos da Jovem Guarda e que vai nos guiar \u00e9 o Jean Carlo. Voc\u00eas se lembram dele, aquele cantor cego que vez por outra aparecia no programa do Roberto Carlos. Por favor, n\u00e3o me interpretem mal. Iniciei o texto assim apenas para salientar a ambig\u00fcidade do t\u00edtulo deste \u00e1lbum. Nos dias atuais &#8220;Preciso olhar p&#8217;ra voc\u00ea&#8221; seria um contra-senso. O que ser\u00e1 que passava na cabe\u00e7a desses produtores? Diga a\u00ed Sr. Nazareno de Brito&#8230; Se a id\u00e9ia era criar um t\u00edtulo usando o nome de uma das faixas do disco, melhor seria ent\u00e3o a vers\u00e3o para &#8220;Reach out I&#8217;ll be there&#8221;, chamada &#8220;Estarei ao seu lado&#8221;. N\u00e9 n\u00e3o?<\/div>\n<p><\/p>\n<div align=\"center\">era um garoto que como eu amava os beatles e os rolling stones<\/div>\n<div align=\"center\">nunca meu amor<\/div>\n<div align=\"center\">travessia<\/div>\n<div align=\"center\">preciso olhar pra voc\u00ea<\/div>\n<div align=\"center\">amigos apenas<\/div>\n<div align=\"center\">duelo<\/div>\n<div align=\"center\">a minha serenata<\/div>\n<div align=\"center\">lady<\/div>\n<div align=\"center\">estarei ao seu lado<\/div>\n<div align=\"center\">esse amor que eu n\u00e3o queria<\/div>\n<div align=\"center\">por uma mulher<\/div>\n<div align=\"center\">muito longe, bem longe de tudo<\/div>\n<p><\/p>\n<div align=\"center\"><\/div>\n<div align=\"center\"> <\/div>\n<div><\/div>\n","protected":false},"excerpt":{"rendered":"<p>Neste blog tem sempre uma coisa que leva a outra. Hoje vamos nos levar pelos caminhos da Jovem Guarda e que vai nos guiar \u00e9 o Jean Carlo. Voc\u00eas se lembram dele, aquele cantor cego que vez por outra aparecia &hellip; <a href=\"https:\/\/www.toque-musicall.com\/?p=1570\">Continue lendo <span class=\"meta-nav\">&rarr;<\/span><\/a><\/p>\n","protected":false},"author":1,"featured_media":0,"comment_status":"open","ping_status":"closed","sticky":false,"template":"","format":"standard","meta":{"footnotes":""},"categories":[151],"tags":[],"class_list":["post-1570","post","type-post","status-publish","format-standard","hentry","category-jean-carlo"],"_links":{"self":[{"href":"https:\/\/www.toque-musicall.com\/index.php?rest_route=\/wp\/v2\/posts\/1570","targetHints":{"allow":["GET"]}}],"collection":[{"href":"https:\/\/www.toque-musicall.com\/index.php?rest_route=\/wp\/v2\/posts"}],"about":[{"href":"https:\/\/www.toque-musicall.com\/index.php?rest_route=\/wp\/v2\/types\/post"}],"author":[{"embeddable":true,"href":"https:\/\/www.toque-musicall.com\/index.php?rest_route=\/wp\/v2\/users\/1"}],"replies":[{"embeddable":true,"href":"https:\/\/www.toque-musicall.com\/index.php?rest_route=%2Fwp%2Fv2%2Fcomments&post=1570"}],"version-history":[{"count":0,"href":"https:\/\/www.toque-musicall.com\/index.php?rest_route=\/wp\/v2\/posts\/1570\/revisions"}],"wp:attachment":[{"href":"https:\/\/www.toque-musicall.com\/index.php?rest_route=%2Fwp%2Fv2%2Fmedia&parent=1570"}],"wp:term":[{"taxonomy":"category","embeddable":true,"href":"https:\/\/www.toque-musicall.com\/index.php?rest_route=%2Fwp%2Fv2%2Fcategories&post=1570"},{"taxonomy":"post_tag","embeddable":true,"href":"https:\/\/www.toque-musicall.com\/index.php?rest_route=%2Fwp%2Fv2%2Ftags&post=1570"}],"curies":[{"name":"wp","href":"https:\/\/api.w.org\/{rel}","templated":true}]}}