{"id":1572,"date":"2008-07-02T19:10:00","date_gmt":"2008-07-02T19:10:00","guid":{"rendered":"http:\/\/www.toque-musicall.com\/?p=1572"},"modified":"2008-07-02T19:10:00","modified_gmt":"2008-07-02T19:10:00","slug":"adauto-santos-nau-catarineta-1974","status":"publish","type":"post","link":"https:\/\/www.toque-musicall.com\/?p=1572","title":{"rendered":"Adauto Santos &#8211; Nau Catarineta (1974)"},"content":{"rendered":"<div align=\"left\"><a href=\"http:\/\/3.bp.blogspot.com\/_DSKVEvHtskc\/SGvdU4M2QyI\/AAAAAAAABp8\/pC_dCDpUaOs\/s1600-h\/adauto+santos+P.JPG\"><img decoding=\"async\" id=\"BLOGGER_PHOTO_ID_5218507943992247074\" style=\"DISPLAY: block; MARGIN: 0px auto 10px; CURSOR: hand; TEXT-ALIGN: center\" alt=\"\" src=\"http:\/\/3.bp.blogspot.com\/_DSKVEvHtskc\/SGvdU4M2QyI\/AAAAAAAABp8\/pC_dCDpUaOs\/s400\/adauto+santos+P.JPG\" border=\"0\" \/><\/a>Para completar nosso dia, tenho aqui outro disco do selo Marcus Pereira. Vamos dessa vez com o cantor, compositor e violeiro Adauto Santos em seu primeiro lp. Um \u00e1lbum feito com carinho e dedica\u00e7\u00e3o. Um trabalho que re\u00fane um excelente cantor, um repert\u00f3rio escolhido a dedo e arranjos maravilhosos feitos por Theo de Barros. Al\u00e9m de composi\u00e7\u00f5es pr\u00f3prias e parcerias, temos Noel Rosa, Paulo Vanzolini, S\u00e9rgio Ricardo, entre outros&#8230;<br \/>Este \u00e9 mais um Marcus Pereira que eu n\u00e3o vi sendo relan\u00e7ado em cd. Uma pena, pois \u00e9 \u00f3timo! Confira&#8230;<\/div>\n<p><\/p>\n<div align=\"center\">partido geral<\/div>\n<div align=\"center\">de mala e cuia<\/div>\n<div align=\"center\">vantagem de perder<\/div>\n<div align=\"center\">mundo velho<\/div>\n<div align=\"center\">viola no samba<\/div>\n<div align=\"center\">vai de mim<\/div>\n<div align=\"center\">ilustre visita<\/div>\n<div align=\"center\">de amor ou paz<\/div>\n<div align=\"center\">ju\u00edzo final<\/div>\n<div align=\"center\">leil\u00e3o<\/div>\n<div align=\"center\">disparada<\/div>\n<div align=\"center\">na boca da noite<\/div>\n<div align=\"center\">nau catarineta<\/div>\n<div align=\"center\"><\/div>\n<div align=\"center\"><\/div>\n<div align=\"center\"> <\/div>\n<div align=\"center\"> <\/div>\n","protected":false},"excerpt":{"rendered":"<p>Para completar nosso dia, tenho aqui outro disco do selo Marcus Pereira. Vamos dessa vez com o cantor, compositor e violeiro Adauto Santos em seu primeiro lp. Um \u00e1lbum feito com carinho e dedica\u00e7\u00e3o. Um trabalho que re\u00fane um excelente &hellip; <a href=\"https:\/\/www.toque-musicall.com\/?p=1572\">Continue lendo <span class=\"meta-nav\">&rarr;<\/span><\/a><\/p>\n","protected":false},"author":1,"featured_media":0,"comment_status":"open","ping_status":"closed","sticky":false,"template":"","format":"standard","meta":{"footnotes":""},"categories":[1705],"tags":[],"class_list":["post-1572","post","type-post","status-publish","format-standard","hentry","category-adauto-santos"],"_links":{"self":[{"href":"https:\/\/www.toque-musicall.com\/index.php?rest_route=\/wp\/v2\/posts\/1572","targetHints":{"allow":["GET"]}}],"collection":[{"href":"https:\/\/www.toque-musicall.com\/index.php?rest_route=\/wp\/v2\/posts"}],"about":[{"href":"https:\/\/www.toque-musicall.com\/index.php?rest_route=\/wp\/v2\/types\/post"}],"author":[{"embeddable":true,"href":"https:\/\/www.toque-musicall.com\/index.php?rest_route=\/wp\/v2\/users\/1"}],"replies":[{"embeddable":true,"href":"https:\/\/www.toque-musicall.com\/index.php?rest_route=%2Fwp%2Fv2%2Fcomments&post=1572"}],"version-history":[{"count":0,"href":"https:\/\/www.toque-musicall.com\/index.php?rest_route=\/wp\/v2\/posts\/1572\/revisions"}],"wp:attachment":[{"href":"https:\/\/www.toque-musicall.com\/index.php?rest_route=%2Fwp%2Fv2%2Fmedia&parent=1572"}],"wp:term":[{"taxonomy":"category","embeddable":true,"href":"https:\/\/www.toque-musicall.com\/index.php?rest_route=%2Fwp%2Fv2%2Fcategories&post=1572"},{"taxonomy":"post_tag","embeddable":true,"href":"https:\/\/www.toque-musicall.com\/index.php?rest_route=%2Fwp%2Fv2%2Ftags&post=1572"}],"curies":[{"name":"wp","href":"https:\/\/api.w.org\/{rel}","templated":true}]}}