{"id":1575,"date":"2008-07-01T16:41:00","date_gmt":"2008-07-01T16:41:00","guid":{"rendered":"http:\/\/www.toque-musicall.com\/?p=1575"},"modified":"2008-07-01T16:41:00","modified_gmt":"2008-07-01T16:41:00","slug":"cesar-costa-filho-e-os-sambas-viverao-1973","status":"publish","type":"post","link":"https:\/\/www.toque-musicall.com\/?p=1575","title":{"rendered":"Cesar Costa Filho &#8211; E Os Sambas Viver\u00e3o (1973)"},"content":{"rendered":"<div align=\"left\"><a href=\"http:\/\/4.bp.blogspot.com\/_DSKVEvHtskc\/SGp-kiYdWEI\/AAAAAAAABpk\/hJg43o68DDA\/s1600-h\/Cesar+Costa+Filho+P.JPG\"><img decoding=\"async\" id=\"BLOGGER_PHOTO_ID_5218122284431923266\" style=\"DISPLAY: block; MARGIN: 0px auto 10px; CURSOR: hand; TEXT-ALIGN: center\" alt=\"\" src=\"http:\/\/4.bp.blogspot.com\/_DSKVEvHtskc\/SGp-kiYdWEI\/AAAAAAAABpk\/hJg43o68DDA\/s400\/Cesar+Costa+Filho+P.JPG\" border=\"0\" \/><\/a>Car\u00edssimos&#8230; Volto novamente a explicar sobre os links vencidos. Realmente temos uma dezena deles que j\u00e1 n\u00e3o est\u00e3o mais ativos. Ainda n\u00e3o tive tempo de repar\u00e1-los e meus colaboradores andam meio pregui\u00e7osos. Por favor, me d\u00eaem um tempo para que eu possa resolver essa situa\u00e7\u00e3o. Todas as solicita\u00e7\u00f5es foram listadas e na medida do poss\u00edvel est\u00e3o sendo atendidas, ok?Bom, vamos ent\u00e3o ao disco do dia. Mais uma vez prestigiando nosso blog, temos aqui o Cesar Costa Filho, cantor e compositor que a muito anda sumido. Esteve atuante durante os anos 70, mas a partir de 80 o cara desapareceu da m\u00eddia. Numa consulta r\u00e1pida pela rede n\u00e3o n\u00e3o encontrei nada atual. Ser\u00e1 que algu\u00e9m tem not\u00edcias do Cesar?<\/div>\n<div align=\"left\">O disco que temos aqui foi seu primeiro lp, que veio logo ap\u00f3s o sucesso do samba-can\u00e7\u00e3o &#8220;Dose pr\u00e1 le\u00e3o&#8221;. No seu &#8216;debut&#8217; ele conta com parceiros de peso com Walter Queiroz, Paulo Cesar Pinheiro e Jair Amorim. Muito bom&#8230;<\/div>\n<p><\/p>\n<div align=\"center\">Anast\u00e1cio &#8211; Samba enredo para um sambista morto &#8211; C C Filho &#8211; W Queiroz<br \/>Tambores e clarins &#8211; Cesar C Filho &#8211; Walter Queiroz<\/div>\n<div align=\"center\">Al\u00e9m de n\u00f3s &#8211; Cesar C Filho &#8211; Paulo C Pinheiro<\/div>\n<div align=\"center\">Malvada &#8211; Cesar C Filho &#8211; Walter Queiroz<\/div>\n<div align=\"center\">Bilhete pra bem longe &#8211; Cesar C Filho &#8211; Walter Queiroz<\/div>\n<div align=\"center\">Dose pra le\u00e3o &#8211; Cesar C Filho &#8211; Walter Queiroz<\/div>\n<div align=\"center\">E os sambas viver\u00e3o &#8211; Cesar C Filho &#8211; Walter Queiroz<\/div>\n<div align=\"center\">Samba do Est\u00e1cio &#8211; Cesar C Filho &#8211; Jair Amorim<\/div>\n<div align=\"center\">A briga &#8211; Cesar C Filho &#8211; Walter Queiroz<\/div>\n<div align=\"center\">Otelo Jo\u00e3o &#8211; Cesar C Filho &#8211; Walter Queiroz<\/div>\n<div align=\"center\">Descanso &#8211; Cesar C Filho &#8211; Walter Queiroz<\/div>\n<div align=\"center\">Guarida &#8211; Cesar C Filho &#8211; Paulo C Pinheiro<\/div>\n<div align=\"center\"><\/div>\n<div align=\"center\"><\/div>\n","protected":false},"excerpt":{"rendered":"<p>Car\u00edssimos&#8230; Volto novamente a explicar sobre os links vencidos. Realmente temos uma dezena deles que j\u00e1 n\u00e3o est\u00e3o mais ativos. Ainda n\u00e3o tive tempo de repar\u00e1-los e meus colaboradores andam meio pregui\u00e7osos. Por favor, me d\u00eaem um tempo para que &hellip; <a href=\"https:\/\/www.toque-musicall.com\/?p=1575\">Continue lendo <span class=\"meta-nav\">&rarr;<\/span><\/a><\/p>\n","protected":false},"author":1,"featured_media":0,"comment_status":"open","ping_status":"closed","sticky":false,"template":"","format":"standard","meta":{"footnotes":""},"categories":[880],"tags":[],"class_list":["post-1575","post","type-post","status-publish","format-standard","hentry","category-cesar-costa-filho"],"_links":{"self":[{"href":"https:\/\/www.toque-musicall.com\/index.php?rest_route=\/wp\/v2\/posts\/1575","targetHints":{"allow":["GET"]}}],"collection":[{"href":"https:\/\/www.toque-musicall.com\/index.php?rest_route=\/wp\/v2\/posts"}],"about":[{"href":"https:\/\/www.toque-musicall.com\/index.php?rest_route=\/wp\/v2\/types\/post"}],"author":[{"embeddable":true,"href":"https:\/\/www.toque-musicall.com\/index.php?rest_route=\/wp\/v2\/users\/1"}],"replies":[{"embeddable":true,"href":"https:\/\/www.toque-musicall.com\/index.php?rest_route=%2Fwp%2Fv2%2Fcomments&post=1575"}],"version-history":[{"count":0,"href":"https:\/\/www.toque-musicall.com\/index.php?rest_route=\/wp\/v2\/posts\/1575\/revisions"}],"wp:attachment":[{"href":"https:\/\/www.toque-musicall.com\/index.php?rest_route=%2Fwp%2Fv2%2Fmedia&parent=1575"}],"wp:term":[{"taxonomy":"category","embeddable":true,"href":"https:\/\/www.toque-musicall.com\/index.php?rest_route=%2Fwp%2Fv2%2Fcategories&post=1575"},{"taxonomy":"post_tag","embeddable":true,"href":"https:\/\/www.toque-musicall.com\/index.php?rest_route=%2Fwp%2Fv2%2Ftags&post=1575"}],"curies":[{"name":"wp","href":"https:\/\/api.w.org\/{rel}","templated":true}]}}