{"id":158,"date":"2012-02-10T10:19:00","date_gmt":"2012-02-10T10:19:00","guid":{"rendered":"http:\/\/www.toque-musicall.com\/?p=158"},"modified":"2012-02-10T10:19:00","modified_gmt":"2012-02-10T10:19:00","slug":"nelson-faria-nico-assumpcao-e-lincoln-cheib-trio-2000","status":"publish","type":"post","link":"https:\/\/www.toque-musicall.com\/?p=158","title":{"rendered":"Nelson Faria, Nico Assump\u00e7\u00e3o E Lincoln Cheib &#8211; Trio (2000)"},"content":{"rendered":"<p><a href=\"http:\/\/2.bp.blogspot.com\/-BZypbrEqaOg\/TzTvYfIu5JI\/AAAAAAAAA_w\/JrbL3L9oong\/s1600\/CAPAp.JPG\"><img decoding=\"async\" style=\"display:block; margin:0px auto 10px; text-align:center;cursor:pointer; cursor:hand;width: 400px; height: 400px;\" src=\"http:\/\/2.bp.blogspot.com\/-BZypbrEqaOg\/TzTvYfIu5JI\/AAAAAAAAA_w\/JrbL3L9oong\/s400\/CAPAp.JPG\" border=\"0\" alt=\"\" id=\"BLOGGER_PHOTO_ID_5707449831739286674\" \/><\/a><a href=\"http:\/\/4.bp.blogspot.com\/-Juu6lOCTifI\/TzTvS4a6inI\/AAAAAAAAA_k\/2T2fY1CfDTs\/s1600\/contraCAPAp.JPG\"><img decoding=\"async\" style=\"display:block; margin:0px auto 10px; text-align:center;cursor:pointer; cursor:hand;width: 400px; height: 400px;\" src=\"http:\/\/4.bp.blogspot.com\/-Juu6lOCTifI\/TzTvS4a6inI\/AAAAAAAAA_k\/2T2fY1CfDTs\/s400\/contraCAPAp.JPG\" border=\"0\" alt=\"\" id=\"BLOGGER_PHOTO_ID_5707449735447218802\" \/><\/a>Bom dia, amigos cultos e ocultos! Chegamos a mais uma sexta feira independente e para variar, em todos os sentidos, eu estou trazendo aqui um registro da boa m\u00fasica instrumental. Uma grava\u00e7\u00e3o que me caiu nas m\u00e3os gra\u00e7as aos bons amigos, que sabem bem aquilo que condiz com o perfil do blog Toque Musical. Valeu Pampani!<\/p>\n<div>Embora eu tenha fugido um pouco da proposta musical que se seguiu pela semana, o que trago agora, sem compara\u00e7\u00f5es, \u00e9 tamb\u00e9m de tirar o chap\u00e9u. M\u00fasica de qualidade, instrumental e contempor\u00e2nea. Tenho certeza que quem tem bons ouvidos para escutar os grandes do passado, tamb\u00e9m sabe apreciar a m\u00fasica dos grandes do presente.<\/div>\n<div>Trago para voc\u00eas, com exclusividade, mais um &#8216;bootleg&#8217; especial, com direito a capinha e tudo mais \ud83d\ude42 Vamos encontrar neste registro, tr\u00eas grandes m\u00fasicos, instrumentistas disputad\u00edssimo pelo alto n\u00edvel de suas performaces. Come\u00e7amos pelo mineiro, guitarrista (e tamb\u00e9m fot\u00f3grafo!) Nelson Faria. O cara \u00e9 um fera, j\u00e1 tocou com Deus e o mundo e continua mandando bala, tem uma dezena de discos solos gravados (incluindo este agora, hehehe&#8230;) e participa\u00e7\u00e3o em outros de diferentes artistas. Pelo que eu li em seu site, Nelson tem atuado como professor convidado em duas universidades europ\u00e9ias. Seu \u00faltimo trabalho foi um cd gravado ao vivo na Alemanha com a Hr-Bigband (Frankfurt Radio Bigband) e participa\u00e7\u00e3o do baixista Ney Concei\u00e7\u00e3o e o baterista Kiko Freitas. Outro mineiro, tamb\u00e9m super requisitado, \u00e9 o baterista Lincoln Cheib, que toca na banda do Milton Nascimento, filho de Dirceu Cheib, do Est\u00fadio Bemol. Lincoln vem se despontando com um dos maiores bateristas da atualidade. Tamb\u00e9m tem uma atua\u00e7\u00e3o acad\u00eamica, como professor convidado na Escola de M\u00fasica da UFMG. Finalmente, temos outra fera, o saudoso baixista Nico Assump\u00e7\u00e3o, este, agora toca mais para Deus do que para o mundo, mas foi um dos nossos maiores contrabaixistas, tamb\u00e9m com um curr\u00edculo invej\u00e1vel. Infelizmente, ele se foi prematuramente. Uma grande perda para a M\u00fasica Brasileira.<\/div>\n<div>Juntos, em um show realizado em 17 de janeiro de 2000, na Casa de Cultura Est\u00e1cio de S\u00e1 (RJ), os tr\u00eas m\u00fasicos &#8216;barbarizam&#8217;, mostram uma sintonia que faz a gente ficar de boca (e ouvidos) bem abertos. Foi nesse encontro, nesse show, para um p\u00fablico seleto, que nasceu a ideia da produ\u00e7\u00e3o de um cd, o &#8220;Tr\u00eas\/Three&#8221;. Algumas das m\u00fasicas apresentadas nesta grava\u00e7\u00e3o vieram a fazer parte do cd, lan\u00e7ado no final de 2000.<\/div>\n<div>\u00c9 interessante observar a intera\u00e7\u00e3o dos m\u00fasicos e principalmente a atua\u00e7\u00e3o do Nico, que toca como nunca, talvez prevendo ali seu \u00faltimo momento. \u00c9 impressionante e comovente. Voc\u00eas precisam ouvir isso!<\/div>\n<div><\/div>\n<div style=\"text-align: center;\">quartet<\/div>\n<div style=\"text-align: center;\">o barquinho<\/div>\n<div style=\"text-align: center;\">vento<\/div>\n<div style=\"text-align: center;\">modinha para juliana<\/div>\n<div style=\"text-align: center;\">buxixo<\/div>\n<div style=\"text-align: center;\">paca tat\u00fa<\/div>\n<div style=\"text-align: center;\">vera cruz<\/div>\n<div style=\"text-align: center;\">quartet (bis)<\/div>\n<div style=\"text-align: center;\"><\/div>\n","protected":false},"excerpt":{"rendered":"<p>Bom dia, amigos cultos e ocultos! Chegamos a mais uma sexta feira independente e para variar, em todos os sentidos, eu estou trazendo aqui um registro da boa m\u00fasica instrumental. Uma grava\u00e7\u00e3o que me caiu nas m\u00e3os gra\u00e7as aos bons &hellip; <a href=\"https:\/\/www.toque-musicall.com\/?p=158\">Continue lendo <span class=\"meta-nav\">&rarr;<\/span><\/a><\/p>\n","protected":false},"author":1,"featured_media":0,"comment_status":"open","ping_status":"closed","sticky":false,"template":"","format":"standard","meta":{"footnotes":""},"categories":[180,11,296,298,297],"tags":[],"class_list":["post-158","post","type-post","status-publish","format-standard","hentry","category-bootleg","category-exclusivos-do-toque-musical","category-lincoln-cheib","category-nelson-faria","category-nico-assumpcao"],"_links":{"self":[{"href":"https:\/\/www.toque-musicall.com\/index.php?rest_route=\/wp\/v2\/posts\/158","targetHints":{"allow":["GET"]}}],"collection":[{"href":"https:\/\/www.toque-musicall.com\/index.php?rest_route=\/wp\/v2\/posts"}],"about":[{"href":"https:\/\/www.toque-musicall.com\/index.php?rest_route=\/wp\/v2\/types\/post"}],"author":[{"embeddable":true,"href":"https:\/\/www.toque-musicall.com\/index.php?rest_route=\/wp\/v2\/users\/1"}],"replies":[{"embeddable":true,"href":"https:\/\/www.toque-musicall.com\/index.php?rest_route=%2Fwp%2Fv2%2Fcomments&post=158"}],"version-history":[{"count":0,"href":"https:\/\/www.toque-musicall.com\/index.php?rest_route=\/wp\/v2\/posts\/158\/revisions"}],"wp:attachment":[{"href":"https:\/\/www.toque-musicall.com\/index.php?rest_route=%2Fwp%2Fv2%2Fmedia&parent=158"}],"wp:term":[{"taxonomy":"category","embeddable":true,"href":"https:\/\/www.toque-musicall.com\/index.php?rest_route=%2Fwp%2Fv2%2Fcategories&post=158"},{"taxonomy":"post_tag","embeddable":true,"href":"https:\/\/www.toque-musicall.com\/index.php?rest_route=%2Fwp%2Fv2%2Ftags&post=158"}],"curies":[{"name":"wp","href":"https:\/\/api.w.org\/{rel}","templated":true}]}}