{"id":1585,"date":"2008-06-26T00:55:00","date_gmt":"2008-06-26T00:55:00","guid":{"rendered":"http:\/\/www.toque-musicall.com\/?p=1585"},"modified":"2008-06-26T00:55:00","modified_gmt":"2008-06-26T00:55:00","slug":"rosinha-de-valenca-cheiro-de-mato-1976","status":"publish","type":"post","link":"https:\/\/www.toque-musicall.com\/?p=1585","title":{"rendered":"Rosinha De Valen\u00e7a &#8211; Cheiro De Mato (1976)"},"content":{"rendered":"<div align=\"left\"><a href=\"http:\/\/3.bp.blogspot.com\/_DSKVEvHtskc\/SGLr1ka4fuI\/AAAAAAAABoA\/dIlwOKlfSRw\/s1600-h\/Rosinha+de+Valen%C3%83%C2%A7a+P.JPG\"><img decoding=\"async\" id=\"BLOGGER_PHOTO_ID_5215990623990480610\" style=\"DISPLAY: block; MARGIN: 0px auto 10px; CURSOR: hand; TEXT-ALIGN: center\" alt=\"\" src=\"http:\/\/3.bp.blogspot.com\/_DSKVEvHtskc\/SGLr1ka4fuI\/AAAAAAAABoA\/dIlwOKlfSRw\/s400\/Rosinha+de+Valen%C3%A7a+P.JPG\" border=\"0\" \/><\/a> Na sequ\u00eancia, aqui vai um outro disco que tem muito em comum com o do Paulo Moura. A come\u00e7ar pela capa, tamb\u00e9m maravilhosa, do artista gr\u00e1fico Elifas Andreatto. Lan\u00e7ado em 1976, este \u00e1lbum \u00e9 outra j\u00f3ia por onde passam ao lado de Rosinha e seu viol\u00e3o, nomes como Miucha, Sivuca, Sueli Costa, Jo\u00e3o Donato, entre outros&#8230; Particularmente, tenho como minhas prediletas &#8220;Usina de prata&#8221; e &#8220;Os grilos s\u00e3o astros&#8221;. Outra coisa em comum com o disco do Paulo Moura \u00e9 o fato de, para mim, este tamb\u00e9m ser o melhor disco da Rosinha de Valen\u00e7a.<\/div>\n<p><\/p>\n<div align=\"center\">os grilos s\u00e3o astros <\/div>\n<div align=\"center\">meus zelos<\/div>\n<div align=\"center\">madrinha lua<\/div>\n<div align=\"center\">cabocla jurema<\/div>\n<div align=\"center\">usina de prata<\/div>\n<div align=\"center\">pedacinho do c\u00e9u<\/div>\n<div align=\"center\">vila de santa tereza<\/div>\n<div align=\"center\">chu\u00e1, chu\u00e1<\/div>\n<div align=\"center\">paisagem<\/div>\n<div align=\"center\">movimento da vida<\/div>\n<div align=\"center\"> <\/div>\n<div align=\"center\"><\/div>\n<div align=\"center\"><\/div>\n","protected":false},"excerpt":{"rendered":"<p>Na sequ\u00eancia, aqui vai um outro disco que tem muito em comum com o do Paulo Moura. A come\u00e7ar pela capa, tamb\u00e9m maravilhosa, do artista gr\u00e1fico Elifas Andreatto. Lan\u00e7ado em 1976, este \u00e1lbum \u00e9 outra j\u00f3ia por onde passam ao &hellip; <a href=\"https:\/\/www.toque-musicall.com\/?p=1585\">Continue lendo <span class=\"meta-nav\">&rarr;<\/span><\/a><\/p>\n","protected":false},"author":1,"featured_media":0,"comment_status":"open","ping_status":"closed","sticky":false,"template":"","format":"standard","meta":{"footnotes":""},"categories":[1296],"tags":[],"class_list":["post-1585","post","type-post","status-publish","format-standard","hentry","category-rosinha-de-valenca"],"_links":{"self":[{"href":"https:\/\/www.toque-musicall.com\/index.php?rest_route=\/wp\/v2\/posts\/1585","targetHints":{"allow":["GET"]}}],"collection":[{"href":"https:\/\/www.toque-musicall.com\/index.php?rest_route=\/wp\/v2\/posts"}],"about":[{"href":"https:\/\/www.toque-musicall.com\/index.php?rest_route=\/wp\/v2\/types\/post"}],"author":[{"embeddable":true,"href":"https:\/\/www.toque-musicall.com\/index.php?rest_route=\/wp\/v2\/users\/1"}],"replies":[{"embeddable":true,"href":"https:\/\/www.toque-musicall.com\/index.php?rest_route=%2Fwp%2Fv2%2Fcomments&post=1585"}],"version-history":[{"count":0,"href":"https:\/\/www.toque-musicall.com\/index.php?rest_route=\/wp\/v2\/posts\/1585\/revisions"}],"wp:attachment":[{"href":"https:\/\/www.toque-musicall.com\/index.php?rest_route=%2Fwp%2Fv2%2Fmedia&parent=1585"}],"wp:term":[{"taxonomy":"category","embeddable":true,"href":"https:\/\/www.toque-musicall.com\/index.php?rest_route=%2Fwp%2Fv2%2Fcategories&post=1585"},{"taxonomy":"post_tag","embeddable":true,"href":"https:\/\/www.toque-musicall.com\/index.php?rest_route=%2Fwp%2Fv2%2Ftags&post=1585"}],"curies":[{"name":"wp","href":"https:\/\/api.w.org\/{rel}","templated":true}]}}