{"id":1589,"date":"2008-06-24T02:06:00","date_gmt":"2008-06-24T02:06:00","guid":{"rendered":"http:\/\/www.toque-musicall.com\/?p=1589"},"modified":"2008-06-24T02:06:00","modified_gmt":"2008-06-24T02:06:00","slug":"edu-da-gaita-edu-195","status":"publish","type":"post","link":"https:\/\/www.toque-musicall.com\/?p=1589","title":{"rendered":"Edu Da Gaita &#8211; Ed\u00fa (195?)"},"content":{"rendered":"<div align=\"left\"><a href=\"http:\/\/2.bp.blogspot.com\/_DSKVEvHtskc\/SGBc3gWphnI\/AAAAAAAABng\/NImxMoxlpOI\/s1600-h\/edu+P.JPG\"><img decoding=\"async\" alt=\"\" border=\"0\" id=\"BLOGGER_PHOTO_ID_5215270477142525554\" src=\"http:\/\/2.bp.blogspot.com\/_DSKVEvHtskc\/SGBc3gWphnI\/AAAAAAAABng\/NImxMoxlpOI\/s400\/edu+P.JPG\" style=\"cursor: hand; display: block; margin: 0px auto 10px; text-align: center;\" \/><\/a>Ufa! Que dia! Se n\u00e3o fosse a promessa de repetir a dose, teria deixado por hoje apenas a postagem do Cod\u00f3. Estou aqui agora apenas por honra da firma. Trazendo outro fant\u00e1stico gaitista, o inigual\u00e1vel Edu da Gaita. Este \u00e1lbum \u00e9 a vers\u00e3o 12 polegadas do lp de 10 lan\u00e7ado em 1953. Nele est\u00e3o inclu\u00eddas mais quatro faixas. Procurei maiores informa\u00e7\u00f5es sobre este disco, mas n\u00e3o encontrei nem sua data de lan\u00e7amento. Suponho que este tenha sido lan\u00e7ado alguns anos depois, por volta de 58, quando os \u00e1lbuns de 12 polegadas come\u00e7aram a ficar mais comuns.<br \/>Desculpem, mas hoje t\u00e1 osso! Deixo para voc\u00eas os coment\u00e1rios e informa\u00e7\u00f5es complementares&#8230; Deixa eu ir dormir&#8230; boa noite!<\/p>\n<div align=\"center\">dan\u00e7a do sabre<\/div>\n<div align=\"center\">espanha<\/div>\n<div align=\"center\">fantasia espanhola<\/div>\n<div align=\"center\">ritmos do brasil<\/div>\n<div align=\"center\">andaluzia<\/div>\n<div align=\"center\">banzo<\/div>\n<div align=\"center\">capricho espanhol:<\/div>\n<div align=\"center\">a) alvorada<\/div>\n<div align=\"center\">b) cena cigana<\/div>\n<div align=\"center\">c) canto cigano<\/div>\n<div align=\"center\">d) fandango das asturias<\/div>\n<div align=\"center\">o cisne<\/div>\n<div align=\"center\">tristeza eterna<\/div>\n<div align=\"center\">whispering<\/div>\n<div align=\"center\"><\/div>\n<div align=\"center\"><\/div>\n<div align=\"center\"><\/div>\n<\/div>\n","protected":false},"excerpt":{"rendered":"<p>Ufa! Que dia! Se n\u00e3o fosse a promessa de repetir a dose, teria deixado por hoje apenas a postagem do Cod\u00f3. Estou aqui agora apenas por honra da firma. Trazendo outro fant\u00e1stico gaitista, o inigual\u00e1vel Edu da Gaita. Este \u00e1lbum &hellip; <a href=\"https:\/\/www.toque-musicall.com\/?p=1589\">Continue lendo <span class=\"meta-nav\">&rarr;<\/span><\/a><\/p>\n","protected":false},"author":1,"featured_media":0,"comment_status":"open","ping_status":"closed","sticky":false,"template":"","format":"standard","meta":{"footnotes":""},"categories":[76,221],"tags":[],"class_list":["post-1589","post","type-post","status-publish","format-standard","hentry","category-edu-da-gaita","category-selo-radio"],"_links":{"self":[{"href":"https:\/\/www.toque-musicall.com\/index.php?rest_route=\/wp\/v2\/posts\/1589","targetHints":{"allow":["GET"]}}],"collection":[{"href":"https:\/\/www.toque-musicall.com\/index.php?rest_route=\/wp\/v2\/posts"}],"about":[{"href":"https:\/\/www.toque-musicall.com\/index.php?rest_route=\/wp\/v2\/types\/post"}],"author":[{"embeddable":true,"href":"https:\/\/www.toque-musicall.com\/index.php?rest_route=\/wp\/v2\/users\/1"}],"replies":[{"embeddable":true,"href":"https:\/\/www.toque-musicall.com\/index.php?rest_route=%2Fwp%2Fv2%2Fcomments&post=1589"}],"version-history":[{"count":0,"href":"https:\/\/www.toque-musicall.com\/index.php?rest_route=\/wp\/v2\/posts\/1589\/revisions"}],"wp:attachment":[{"href":"https:\/\/www.toque-musicall.com\/index.php?rest_route=%2Fwp%2Fv2%2Fmedia&parent=1589"}],"wp:term":[{"taxonomy":"category","embeddable":true,"href":"https:\/\/www.toque-musicall.com\/index.php?rest_route=%2Fwp%2Fv2%2Fcategories&post=1589"},{"taxonomy":"post_tag","embeddable":true,"href":"https:\/\/www.toque-musicall.com\/index.php?rest_route=%2Fwp%2Fv2%2Ftags&post=1589"}],"curies":[{"name":"wp","href":"https:\/\/api.w.org\/{rel}","templated":true}]}}