{"id":159,"date":"2012-02-09T09:51:00","date_gmt":"2012-02-09T09:51:00","guid":{"rendered":"http:\/\/www.toque-musicall.com\/?p=159"},"modified":"2021-02-12T11:52:14","modified_gmt":"2021-02-12T13:52:14","slug":"sambistas-do-asfalto-assim-e-o-samba-1960","status":"publish","type":"post","link":"https:\/\/www.toque-musicall.com\/?p=159","title":{"rendered":"Sambistas Do Asfalto &#8211; Assim \u00c9 O Samba (1960)"},"content":{"rendered":"<p><a href=\"http:\/\/2.bp.blogspot.com\/-Vvg8BoW_scM\/TzOXd2LdLlI\/AAAAAAAAA_Y\/5ftLj-93aIo\/s1600\/capa+P.JPG\"><img decoding=\"async\" id=\"BLOGGER_PHOTO_ID_5707071691824115282\" style=\"display: block; margin: 0px auto 10px; text-align: center; cursor: hand; width: 399px; height: 400px;\" src=\"http:\/\/2.bp.blogspot.com\/-Vvg8BoW_scM\/TzOXd2LdLlI\/AAAAAAAAA_Y\/5ftLj-93aIo\/s400\/capa+P.JPG\" alt=\"\" border=\"0\" \/><\/a><a href=\"http:\/\/4.bp.blogspot.com\/---Oxb6uJnsU\/TzOXZLNGOcI\/AAAAAAAAA_M\/mLOFtIFKG_k\/s1600\/contracapa+P.JPG\"><img decoding=\"async\" id=\"BLOGGER_PHOTO_ID_5707071611568798146\" style=\"display: block; margin: 0px auto 10px; text-align: center; cursor: hand; width: 396px; height: 400px;\" src=\"http:\/\/4.bp.blogspot.com\/---Oxb6uJnsU\/TzOXZLNGOcI\/AAAAAAAAA_M\/mLOFtIFKG_k\/s400\/contracapa+P.JPG\" alt=\"\" border=\"0\" \/><\/a>Muito bom dia a todos! Com tantos coment\u00e1rios, eu fiquei at\u00e9 mais animado. E j\u00e1 que falamos de Astor Silva, resolvi trazer mais um disco onde ele \u00e9 o &#8216;diretor&#8217;. Temos aqui os Sambistas do Asfalto, um grupo musical recheado de grandes talentos. Instrumentistas de primeira linha como Copinha, Moacir Marques, Maur\u00edlio Santos, Zequinha Marinho, Netinho, Malagute e Wilson das Neves. Temos tamb\u00e9m os cantores Jair Avelar, Edgard Luiz, Joab Teixeira e Copacabana que se revezam a cada faixa. E tamb\u00e9m, n\u00e3o podemos esquecer os ritmistas, que s\u00e3o os verdadeiros sambistas: Arno, Bucy, Gilberto, Mar\u00e7al e Raul. Curiosamente s\u00e3o esses \u00faltimos aqueles menos favorecidos, economizam at\u00e9 nos cr\u00e9ditos, aparecendo apenas o primeiro nome. Neste \u00fanico \u00e1lbum lan\u00e7ado por eles iremos encontrar uma s\u00e9rie de cl\u00e1ssicos do samba, das d\u00e9cadas de 30 e 40, m\u00fasicas que marcaram \u00e9poca e continuam at\u00e9 hoje fazendo sucesso. Como j\u00e1 estamos pr\u00f3ximos do Carnaval, este disco chegou na hora certa! Confiram&#8230;<\/p>\n<div><\/div>\n<div style=\"text-align: center;\">arrasta a sand\u00e1lia<\/div>\n<div style=\"text-align: center;\">m\u00e1goas de vagabundo<\/div>\n<div style=\"text-align: center;\">izaura<\/div>\n<div style=\"text-align: center;\">pelo amor que eu tenho a ela<\/div>\n<div style=\"text-align: center;\">fui louco<\/div>\n<div style=\"text-align: center;\">de babado<\/div>\n<div style=\"text-align: center;\">ela<\/div>\n<div style=\"text-align: center;\">dinheiro n\u00e3o h\u00e1<\/div>\n<div style=\"text-align: center;\">a morena que eu gosto<\/div>\n<div style=\"text-align: center;\">fita amarela<\/div>\n<div style=\"text-align: center;\">provei<\/div>\n<div style=\"text-align: center;\"><\/div>\n<div><\/div>\n","protected":false},"excerpt":{"rendered":"<p>Muito bom dia a todos! Com tantos coment\u00e1rios, eu fiquei at\u00e9 mais animado. E j\u00e1 que falamos de Astor Silva, resolvi trazer mais um disco onde ele \u00e9 o &#8216;diretor&#8217;. Temos aqui os Sambistas do Asfalto, um grupo musical recheado &hellip; <a href=\"https:\/\/www.toque-musicall.com\/?p=159\">Continue lendo <span class=\"meta-nav\">&rarr;<\/span><\/a><\/p>\n","protected":false},"author":1,"featured_media":0,"comment_status":"open","ping_status":"closed","sticky":false,"template":"","format":"standard","meta":{"footnotes":""},"categories":[300,299,171],"tags":[4293,3349],"class_list":["post-159","post","type-post","status-publish","format-standard","hentry","category-astor-silva","category-sambistas-do-asfalto","category-selo-prestige","tag-sambistas-do-asfalto","tag-selo-prestige"],"_links":{"self":[{"href":"https:\/\/www.toque-musicall.com\/index.php?rest_route=\/wp\/v2\/posts\/159","targetHints":{"allow":["GET"]}}],"collection":[{"href":"https:\/\/www.toque-musicall.com\/index.php?rest_route=\/wp\/v2\/posts"}],"about":[{"href":"https:\/\/www.toque-musicall.com\/index.php?rest_route=\/wp\/v2\/types\/post"}],"author":[{"embeddable":true,"href":"https:\/\/www.toque-musicall.com\/index.php?rest_route=\/wp\/v2\/users\/1"}],"replies":[{"embeddable":true,"href":"https:\/\/www.toque-musicall.com\/index.php?rest_route=%2Fwp%2Fv2%2Fcomments&post=159"}],"version-history":[{"count":2,"href":"https:\/\/www.toque-musicall.com\/index.php?rest_route=\/wp\/v2\/posts\/159\/revisions"}],"predecessor-version":[{"id":8243,"href":"https:\/\/www.toque-musicall.com\/index.php?rest_route=\/wp\/v2\/posts\/159\/revisions\/8243"}],"wp:attachment":[{"href":"https:\/\/www.toque-musicall.com\/index.php?rest_route=%2Fwp%2Fv2%2Fmedia&parent=159"}],"wp:term":[{"taxonomy":"category","embeddable":true,"href":"https:\/\/www.toque-musicall.com\/index.php?rest_route=%2Fwp%2Fv2%2Fcategories&post=159"},{"taxonomy":"post_tag","embeddable":true,"href":"https:\/\/www.toque-musicall.com\/index.php?rest_route=%2Fwp%2Fv2%2Ftags&post=159"}],"curies":[{"name":"wp","href":"https:\/\/api.w.org\/{rel}","templated":true}]}}