{"id":1595,"date":"2008-06-21T01:14:00","date_gmt":"2008-06-21T01:14:00","guid":{"rendered":"http:\/\/www.toque-musicall.com\/?p=1595"},"modified":"2008-06-21T01:14:00","modified_gmt":"2008-06-21T01:14:00","slug":"movimento-65-um-show-com-1965","status":"publish","type":"post","link":"https:\/\/www.toque-musicall.com\/?p=1595","title":{"rendered":"Movimento 65 &#8211; Um Show Com&#8230; (1965)"},"content":{"rendered":"<div align=\"left\"><a href=\"http:\/\/1.bp.blogspot.com\/_DSKVEvHtskc\/SFxkPjn0irI\/AAAAAAAABlE\/-ucUUCwEzbM\/s1600-h\/movimento+65+-+P.JPG\"><img decoding=\"async\" id=\"BLOGGER_PHOTO_ID_5214152687011269298\" style=\"DISPLAY: block; MARGIN: 0px auto 10px; CURSOR: hand; TEXT-ALIGN: center\" alt=\"\" src=\"http:\/\/1.bp.blogspot.com\/_DSKVEvHtskc\/SFxkPjn0irI\/AAAAAAAABlE\/-ucUUCwEzbM\/s400\/movimento+65+-+P.JPG\" border=\"0\" \/><\/a>Amigos, para arrematar e fechar a semana com chave de ouro, deixo aqui para voc\u00eas este disco que \u00e9 outra p\u00e9rola do jazz com bossa. &#8220;Movimento 65&#8221; \u00e9 o nome deste \u00e1lbum rar\u00edssimo, tamb\u00e9m super cultuado por colecionadores do mundo inteiro. Embora pelo t\u00edtulo tenhamos a impress\u00e3o de que se trata de um disco ao vivo, na verdade ele \u00e9 uma esp\u00e9cie de colet\u00e2nea, que re\u00fane alguns dos artistas da RCA Victor que lan\u00e7aram discos em 1965. Obviamente artistas de bossa e jazz.<br \/>Este \u00e9 mais um que o Toque Musical assina embaixo. Confira&#8230;<\/div>\n<p><\/p>\n<div align=\"center\">1- REZA &#8211; Flora Purim<br \/>2- CONSOLA\u00c7\u00c3O &#8211; Trio 3-D<br \/>3- VOC\u00ca &#8211; Luiza<br \/>4- 1\u00ba DE ABRIL &#8211; Os Poligonais<br \/>5- N\u00d3S E O MAR &#8211; Leny Andrade<br \/>6- C\u00c9U E MAR &#8211; Johnny Alf<br \/>7- ESTAMOS A\u00cd &#8211; Raulzinho w\/ Sambalanco Trio<br \/>8- NAN\u00c3 &#8211; Os Cobras<br \/>9- VAI DE VEZ &#8211; Luiza<br \/>10- SAMBA DE VER\u00c3O &#8211; Marcos Moran<br \/>11- SAMBA DO CARIOCA &#8211; Flora Purim<br \/>12- RAPAZ DE BEM &#8211; Johnny Alf<br \/>13- SEM VOC\u00ca &#8211; Alaide Costa<br \/>14- NEGRO &#8211; Myrzo Barroso<\/div>\n<div align=\"center\"><\/div>\n<div align=\"center\"><\/div>\n<div align=\"center\"><\/div>\n<div align=\"center\"><\/div>\n","protected":false},"excerpt":{"rendered":"<p>Amigos, para arrematar e fechar a semana com chave de ouro, deixo aqui para voc\u00eas este disco que \u00e9 outra p\u00e9rola do jazz com bossa. &#8220;Movimento 65&#8221; \u00e9 o nome deste \u00e1lbum rar\u00edssimo, tamb\u00e9m super cultuado por colecionadores do mundo &hellip; <a href=\"https:\/\/www.toque-musicall.com\/?p=1595\">Continue lendo <span class=\"meta-nav\">&rarr;<\/span><\/a><\/p>\n","protected":false},"author":1,"featured_media":0,"comment_status":"open","ping_status":"closed","sticky":false,"template":"","format":"standard","meta":{"footnotes":""},"categories":[700,1181,568,555,1721,1720,1718,1722,1719,806,1717],"tags":[],"class_list":["post-1595","post","type-post","status-publish","format-standard","hentry","category-alaide-costa","category-flora-purin","category-johnny-alf","category-leny-andrade","category-marcos-moran","category-movimento-65","category-myrzo-barroso","category-os-cobras","category-os-poligonais","category-raul-de-souza","category-trio-3-d"],"_links":{"self":[{"href":"https:\/\/www.toque-musicall.com\/index.php?rest_route=\/wp\/v2\/posts\/1595","targetHints":{"allow":["GET"]}}],"collection":[{"href":"https:\/\/www.toque-musicall.com\/index.php?rest_route=\/wp\/v2\/posts"}],"about":[{"href":"https:\/\/www.toque-musicall.com\/index.php?rest_route=\/wp\/v2\/types\/post"}],"author":[{"embeddable":true,"href":"https:\/\/www.toque-musicall.com\/index.php?rest_route=\/wp\/v2\/users\/1"}],"replies":[{"embeddable":true,"href":"https:\/\/www.toque-musicall.com\/index.php?rest_route=%2Fwp%2Fv2%2Fcomments&post=1595"}],"version-history":[{"count":0,"href":"https:\/\/www.toque-musicall.com\/index.php?rest_route=\/wp\/v2\/posts\/1595\/revisions"}],"wp:attachment":[{"href":"https:\/\/www.toque-musicall.com\/index.php?rest_route=%2Fwp%2Fv2%2Fmedia&parent=1595"}],"wp:term":[{"taxonomy":"category","embeddable":true,"href":"https:\/\/www.toque-musicall.com\/index.php?rest_route=%2Fwp%2Fv2%2Fcategories&post=1595"},{"taxonomy":"post_tag","embeddable":true,"href":"https:\/\/www.toque-musicall.com\/index.php?rest_route=%2Fwp%2Fv2%2Ftags&post=1595"}],"curies":[{"name":"wp","href":"https:\/\/api.w.org\/{rel}","templated":true}]}}