{"id":160,"date":"2012-02-08T10:37:00","date_gmt":"2012-02-08T10:37:00","guid":{"rendered":"http:\/\/www.toque-musicall.com\/?p=160"},"modified":"2012-02-08T10:37:00","modified_gmt":"2012-02-08T10:37:00","slug":"astor-o-baile-do-ano-1962","status":"publish","type":"post","link":"https:\/\/www.toque-musicall.com\/?p=160","title":{"rendered":"Astor &#8211; O Baile Do Ano (1962)"},"content":{"rendered":"<p><a href=\"http:\/\/4.bp.blogspot.com\/-RYcYSLkDT_U\/TzJSYLgPMjI\/AAAAAAAAA_A\/6EUGQjn4PJ8\/s1600\/astor+Fp.JPG\"><img decoding=\"async\" style=\"display:block; margin:0px auto 10px; text-align:center;cursor:pointer; cursor:hand;width: 396px; height: 400px;\" src=\"http:\/\/4.bp.blogspot.com\/-RYcYSLkDT_U\/TzJSYLgPMjI\/AAAAAAAAA_A\/6EUGQjn4PJ8\/s400\/astor+Fp.JPG\" border=\"0\" alt=\"\" id=\"BLOGGER_PHOTO_ID_5706714253190181426\" \/><\/a><br \/><a href=\"http:\/\/1.bp.blogspot.com\/-R7fOi6Dci_M\/TzJSTpcijlI\/AAAAAAAAA-0\/si9EA-p6UmA\/s1600\/astor+Bp.JPG\"><img decoding=\"async\" style=\"display:block; margin:0px auto 10px; text-align:center;cursor:pointer; cursor:hand;width: 400px; height: 400px;\" src=\"http:\/\/1.bp.blogspot.com\/-R7fOi6Dci_M\/TzJSTpcijlI\/AAAAAAAAA-0\/si9EA-p6UmA\/s400\/astor+Bp.JPG\" border=\"0\" alt=\"\" id=\"BLOGGER_PHOTO_ID_5706714175328390738\" \/><\/a>Bom dia, amigos cultos e ocultos! \u00c9 isso a\u00ed&#8230; \u00c9 assim mesmo que eu gosto, cultos ou ocultos, todos marcando presen\u00e7a. Sei bem que coment\u00e1rios a gente faz quando algo realmente nos impressiona, seja de uma forma ou de outra. Comentar por obriga\u00e7\u00e3o \u00e9 mesmo um saco e ningu\u00e9m est\u00e1 aqui apenas para dizer ou ouvir um lac\u00f4nico &#8216;muito obrigado&#8217;. Mas quando eu percebo que est\u00e1 havendo um &#8216;feed back&#8217;, um retorno, me sinto mais animado e procuro responder \u00e0 altura, fazendo valer mais um dia. Tenho certeza que os amigos aqui v\u00e3o tamb\u00e9m apreciar este \u00e1lbum, que eu acredito ainda ser in\u00e9dito nos blogs.<\/p>\n<div>Temos aqui, mais uma vez, Astor Silva, dirigindo a Orquestra Columbia, num bel\u00edssimo \u00e1lbum lan\u00e7ado em 1962. Este disco \u00e9 verdadeiramente muito bom, tanto na parte dos arranjos quanto na escolha do repert\u00f3rio. Astor comanda a orquestra com seu trombone, direcionando cada m\u00fasica de forma exemplar e sem exageros. Junto \u00e0 essa orquestra de metais, costura as brechas o piano de Vadico e o c\u00f4ro formado pelos pr\u00f3prios instrumentistas. No texto da contracapa, escrito por Ary Vasconcelos, temos um detalhado painel de cada uma das faixas, o que adianta o meu lado e esses quinze minutos para a postagem. Confiram j\u00e1 esta maravilha. Isso sim \u00e9 que \u00e9 metais em brasa, mora?<\/div>\n<div><\/div>\n<div style=\"text-align: center;\">madeira de lei<\/div>\n<div style=\"text-align: center;\">tumba l\u00ea l\u00ea<\/div>\n<div style=\"text-align: center;\">aquelos ojos verdes<\/div>\n<div style=\"text-align: center;\">los dos sabemos<\/div>\n<div style=\"text-align: center;\">pennsylvania 6-5000<\/div>\n<div style=\"text-align: center;\">astor em hollywood<\/div>\n<div style=\"text-align: center;\">in the mood<\/div>\n<div style=\"text-align: center;\">chatanooga choo choo<\/div>\n<div style=\"text-align: center;\">castiguei<\/div>\n<div style=\"text-align: center;\">samba maravilhos<\/div>\n<div style=\"text-align: center;\">angelitos negros<\/div>\n<div style=\"text-align: center;\">triste n\u00e3o<\/div>\n<div style=\"text-align: center;\"><\/div>\n<div style=\"text-align: center;\"><\/div>\n","protected":false},"excerpt":{"rendered":"<p>Bom dia, amigos cultos e ocultos! \u00c9 isso a\u00ed&#8230; \u00c9 assim mesmo que eu gosto, cultos ou ocultos, todos marcando presen\u00e7a. Sei bem que coment\u00e1rios a gente faz quando algo realmente nos impressiona, seja de uma forma ou de outra. &hellip; <a href=\"https:\/\/www.toque-musicall.com\/?p=160\">Continue lendo <span class=\"meta-nav\">&rarr;<\/span><\/a><\/p>\n","protected":false},"author":1,"featured_media":0,"comment_status":"open","ping_status":"closed","sticky":false,"template":"","format":"standard","meta":{"footnotes":""},"categories":[301,300,269],"tags":[],"class_list":["post-160","post","type-post","status-publish","format-standard","hentry","category-astor-e-orquestra","category-astor-silva","category-selo-columbia"],"_links":{"self":[{"href":"https:\/\/www.toque-musicall.com\/index.php?rest_route=\/wp\/v2\/posts\/160","targetHints":{"allow":["GET"]}}],"collection":[{"href":"https:\/\/www.toque-musicall.com\/index.php?rest_route=\/wp\/v2\/posts"}],"about":[{"href":"https:\/\/www.toque-musicall.com\/index.php?rest_route=\/wp\/v2\/types\/post"}],"author":[{"embeddable":true,"href":"https:\/\/www.toque-musicall.com\/index.php?rest_route=\/wp\/v2\/users\/1"}],"replies":[{"embeddable":true,"href":"https:\/\/www.toque-musicall.com\/index.php?rest_route=%2Fwp%2Fv2%2Fcomments&post=160"}],"version-history":[{"count":0,"href":"https:\/\/www.toque-musicall.com\/index.php?rest_route=\/wp\/v2\/posts\/160\/revisions"}],"wp:attachment":[{"href":"https:\/\/www.toque-musicall.com\/index.php?rest_route=%2Fwp%2Fv2%2Fmedia&parent=160"}],"wp:term":[{"taxonomy":"category","embeddable":true,"href":"https:\/\/www.toque-musicall.com\/index.php?rest_route=%2Fwp%2Fv2%2Fcategories&post=160"},{"taxonomy":"post_tag","embeddable":true,"href":"https:\/\/www.toque-musicall.com\/index.php?rest_route=%2Fwp%2Fv2%2Ftags&post=160"}],"curies":[{"name":"wp","href":"https:\/\/api.w.org\/{rel}","templated":true}]}}