{"id":1602,"date":"2008-06-17T18:16:00","date_gmt":"2008-06-17T18:16:00","guid":{"rendered":"http:\/\/www.toque-musicall.com\/?p=1602"},"modified":"2008-06-17T18:16:00","modified_gmt":"2008-06-17T18:16:00","slug":"sambistas-de-bossa-e-samba-de-breque-1977","status":"publish","type":"post","link":"https:\/\/www.toque-musicall.com\/?p=1602","title":{"rendered":"Sambistas de Bossa e Samba de Breque (1977)"},"content":{"rendered":"<p><a href=\"http:\/\/3.bp.blogspot.com\/_DSKVEvHtskc\/SFgBQhGy0SI\/AAAAAAAABhQ\/iHqK8WN8CrA\/s1600-h\/SAmbistas+P.JPG\"><img decoding=\"async\" id=\"BLOGGER_PHOTO_ID_5212917951957750050\" style=\"DISPLAY: block; MARGIN: 0px auto 10px; CURSOR: hand; TEXT-ALIGN: center\" alt=\"\" src=\"http:\/\/3.bp.blogspot.com\/_DSKVEvHtskc\/SFgBQhGy0SI\/AAAAAAAABhQ\/iHqK8WN8CrA\/s400\/SAmbistas+P.JPG\" border=\"0\" \/><\/a><\/p>\n<div align=\"left\">Eu havia pensado para hoje, postar do Jamel\u00e3o, mais um disco. Por\u00e9m percebi que dos outros que tenho, nenhum \u00e9 disco de carreira. Ou \u00e9 colet\u00e2nea ou j\u00e1 est\u00e3o em outras fontes. Para n\u00e3o ca\u00edrmos naquela de &#8220;j\u00e1 baixei&#8221;, resolvi recrutar outros&#8230; Colet\u00e2nea por colet\u00e2nea, temos aqui outra melhor. Seis sambistas de bossa e samba de breque: Blecaute, Jorge Veiga, Geraldo Pereira, Ciro Monteiro, Moreira da Silva e Luiz Barbosa.. Por certo que Jamel\u00e3o vai entender.<\/div>\n<div align=\"left\">Este \u00e1lbum re\u00fane 16 fonogramas da RCA, tratados e reprocessados para est\u00e9reo. N\u00e3o sei bem o quanto esse est\u00e9reo faz sentido, mas o resultado ficou muito bom e merece uma conferida.<\/div>\n<p><\/p>\n<div align=\"center\">voc\u00ea est\u00e1 sumindo &#8211; ciro monteiro<\/div>\n<div align=\"center\">o guarda e o motorista &#8211; jorge veiga<\/div>\n<div align=\"center\">a risoleta &#8211; luiz barbosa<\/div>\n<div align=\"center\">esta noite eu tive um sonho &#8211; moreira da silva<\/div>\n<div align=\"center\">chegou a bonitona &#8211; blecaute<\/div>\n<div align=\"center\">vel\u00f3rio no morro &#8211; jorge veiga<\/div>\n<div align=\"center\">oh! seu oscar &#8211; ciro monteiro<\/div>\n<div align=\"center\">falso patriota &#8211; geraldo pereira<\/div>\n<div align=\"center\">dama ideal &#8211; geraldo pereira<\/div>\n<div align=\"center\">doutor em futebol &#8211; moreira da silva<\/div>\n<div align=\"center\">n\u00eaga &#8211; jorge veiga<\/div>\n<div align=\"center\">bot\u00f5es de laranjeira &#8211; ciro monteiro<\/div>\n<div align=\"center\">bilhete branco<\/div>\n<div align=\"center\">primeiro eu<\/div>\n<div align=\"center\">a coitadinha fracassou<\/div>\n<div align=\"center\">o que se leva dessa vida<\/div>\n<div align=\"center\"> <\/div>\n<div align=\"center\"><\/div>\n<div align=\"center\"><\/div>\n","protected":false},"excerpt":{"rendered":"<p>Eu havia pensado para hoje, postar do Jamel\u00e3o, mais um disco. Por\u00e9m percebi que dos outros que tenho, nenhum \u00e9 disco de carreira. Ou \u00e9 colet\u00e2nea ou j\u00e1 est\u00e3o em outras fontes. Para n\u00e3o ca\u00edrmos naquela de &#8220;j\u00e1 baixei&#8221;, resolvi &hellip; <a href=\"https:\/\/www.toque-musicall.com\/?p=1602\">Continue lendo <span class=\"meta-nav\">&rarr;<\/span><\/a><\/p>\n","protected":false},"author":1,"featured_media":0,"comment_status":"open","ping_status":"closed","sticky":false,"template":"","format":"standard","meta":{"footnotes":""},"categories":[586,226,117,1131,1724,746],"tags":[],"class_list":["post-1602","post","type-post","status-publish","format-standard","hentry","category-blecaute","category-cyro-monteiro","category-geraldo-pereira","category-jorge-veiga","category-luiz-barbosa","category-moreira-da-silva"],"_links":{"self":[{"href":"https:\/\/www.toque-musicall.com\/index.php?rest_route=\/wp\/v2\/posts\/1602","targetHints":{"allow":["GET"]}}],"collection":[{"href":"https:\/\/www.toque-musicall.com\/index.php?rest_route=\/wp\/v2\/posts"}],"about":[{"href":"https:\/\/www.toque-musicall.com\/index.php?rest_route=\/wp\/v2\/types\/post"}],"author":[{"embeddable":true,"href":"https:\/\/www.toque-musicall.com\/index.php?rest_route=\/wp\/v2\/users\/1"}],"replies":[{"embeddable":true,"href":"https:\/\/www.toque-musicall.com\/index.php?rest_route=%2Fwp%2Fv2%2Fcomments&post=1602"}],"version-history":[{"count":0,"href":"https:\/\/www.toque-musicall.com\/index.php?rest_route=\/wp\/v2\/posts\/1602\/revisions"}],"wp:attachment":[{"href":"https:\/\/www.toque-musicall.com\/index.php?rest_route=%2Fwp%2Fv2%2Fmedia&parent=1602"}],"wp:term":[{"taxonomy":"category","embeddable":true,"href":"https:\/\/www.toque-musicall.com\/index.php?rest_route=%2Fwp%2Fv2%2Fcategories&post=1602"},{"taxonomy":"post_tag","embeddable":true,"href":"https:\/\/www.toque-musicall.com\/index.php?rest_route=%2Fwp%2Fv2%2Ftags&post=1602"}],"curies":[{"name":"wp","href":"https:\/\/api.w.org\/{rel}","templated":true}]}}