{"id":1608,"date":"2008-06-14T02:21:00","date_gmt":"2008-06-14T02:21:00","guid":{"rendered":"http:\/\/www.toque-musicall.com\/?p=1608"},"modified":"2008-06-14T02:21:00","modified_gmt":"2008-06-14T02:21:00","slug":"titulares-do-ritmo-concerto-de-musica-popular-1961","status":"publish","type":"post","link":"https:\/\/www.toque-musicall.com\/?p=1608","title":{"rendered":"Titulares do Ritmo &#8211; Concerto de M\u00fasica Popular (1961)"},"content":{"rendered":"<div align=\"left\"><a href=\"http:\/\/4.bp.blogspot.com\/_DSKVEvHtskc\/SFMy6W4h5gI\/AAAAAAAABgU\/S34lX4zYeOc\/s1600-h\/Titulares+do+Ritmo+P.JPG\"><img decoding=\"async\" id=\"BLOGGER_PHOTO_ID_5211565171954279938\" style=\"DISPLAY: block; MARGIN: 0px auto 10px; CURSOR: hand; TEXT-ALIGN: center\" alt=\"\" src=\"http:\/\/4.bp.blogspot.com\/_DSKVEvHtskc\/SFMy6W4h5gI\/AAAAAAAABgU\/S34lX4zYeOc\/s400\/Titulares+do+Ritmo+P.JPG\" border=\"0\" \/><\/a>Meio a toque de caixa, vou logo postando outro disco aqui antes que o dia acabe. N\u00e3o tem jeito mesmo, eu sempre me atraso (mas n\u00e3o faltou!).<br \/>Agora vamos com este grupo vocal, formado nos anos 40 por estudantes cegos do Instituto S\u00e3o Rafael em Belo Horizonte, MG. Um sexteto que tamb\u00e9m fez muito sucesso a partir dos anos 50. Eles foram sempre muito elogiados por suas harmoniza\u00e7\u00f5es e vocaliza\u00e7\u00f5es requintadas. Gravaram muitas discos e g\u00eaneros diferentes. Mas este lp, para mim, \u00e9 um dos seus melhores trabalhos. Um repert\u00f3rio fino em um \u00e1lbum que se divide de um lado inteiramente vocal e do outro acompanhados por orquestra\u00e7\u00e3o. Simplesmente maravilhoso!<\/p>\n<div align=\"center\">funeral de um rei nag\u00f4<\/div>\n<div align=\"center\">cantiga (vela branca)<\/div>\n<div align=\"center\">prenda minha<\/div>\n<div align=\"center\">ta\u00ed (pr\u00e1 voc\u00ea gostar de mim)<\/div>\n<div align=\"center\">perfil de s\u00e3o paulo<\/div>\n<div align=\"center\">navio negreiro<\/div>\n<div align=\"center\">brasil moreno<\/div>\n<div align=\"center\">na virada da montanha<\/div>\n<div align=\"center\">serra da boa esperan\u00e7a<\/div>\n<div align=\"center\">agora \u00e9 cinza<\/div>\n<div align=\"center\">samba<\/div>\n<div align=\"center\">coisas de mulher<\/div>\n<div align=\"center\"><\/div>\n<div align=\"center\"><\/div>\n<div align=\"center\"><\/div>\n<div align=\"center\"><\/div>\n<\/div>\n","protected":false},"excerpt":{"rendered":"<p>Meio a toque de caixa, vou logo postando outro disco aqui antes que o dia acabe. N\u00e3o tem jeito mesmo, eu sempre me atraso (mas n\u00e3o faltou!).Agora vamos com este grupo vocal, formado nos anos 40 por estudantes cegos do &hellip; <a href=\"https:\/\/www.toque-musicall.com\/?p=1608\">Continue lendo <span class=\"meta-nav\">&rarr;<\/span><\/a><\/p>\n","protected":false},"author":1,"featured_media":0,"comment_status":"open","ping_status":"closed","sticky":false,"template":"","format":"standard","meta":{"footnotes":""},"categories":[308],"tags":[],"class_list":["post-1608","post","type-post","status-publish","format-standard","hentry","category-titulares-do-ritmo"],"_links":{"self":[{"href":"https:\/\/www.toque-musicall.com\/index.php?rest_route=\/wp\/v2\/posts\/1608","targetHints":{"allow":["GET"]}}],"collection":[{"href":"https:\/\/www.toque-musicall.com\/index.php?rest_route=\/wp\/v2\/posts"}],"about":[{"href":"https:\/\/www.toque-musicall.com\/index.php?rest_route=\/wp\/v2\/types\/post"}],"author":[{"embeddable":true,"href":"https:\/\/www.toque-musicall.com\/index.php?rest_route=\/wp\/v2\/users\/1"}],"replies":[{"embeddable":true,"href":"https:\/\/www.toque-musicall.com\/index.php?rest_route=%2Fwp%2Fv2%2Fcomments&post=1608"}],"version-history":[{"count":0,"href":"https:\/\/www.toque-musicall.com\/index.php?rest_route=\/wp\/v2\/posts\/1608\/revisions"}],"wp:attachment":[{"href":"https:\/\/www.toque-musicall.com\/index.php?rest_route=%2Fwp%2Fv2%2Fmedia&parent=1608"}],"wp:term":[{"taxonomy":"category","embeddable":true,"href":"https:\/\/www.toque-musicall.com\/index.php?rest_route=%2Fwp%2Fv2%2Fcategories&post=1608"},{"taxonomy":"post_tag","embeddable":true,"href":"https:\/\/www.toque-musicall.com\/index.php?rest_route=%2Fwp%2Fv2%2Ftags&post=1608"}],"curies":[{"name":"wp","href":"https:\/\/api.w.org\/{rel}","templated":true}]}}