{"id":1609,"date":"2008-06-13T11:43:00","date_gmt":"2008-06-13T11:43:00","guid":{"rendered":"http:\/\/www.toque-musicall.com\/?p=1609"},"modified":"2008-06-13T11:43:00","modified_gmt":"2008-06-13T11:43:00","slug":"joel-e-gaucho-os-irmaos-gemeos-da-voz-r1971","status":"publish","type":"post","link":"https:\/\/www.toque-musicall.com\/?p=1609","title":{"rendered":"Joel E Ga\u00facho &#8211; Os Irm\u00e3os G\u00eameos Da Voz (R1971)"},"content":{"rendered":"<p><a href=\"http:\/\/2.bp.blogspot.com\/_DSKVEvHtskc\/SFMSp-hJ0wI\/AAAAAAAABgM\/tE1FftsxgyY\/s1600-h\/Joel+e+Gaucho+P.JPG\"><img decoding=\"async\" alt=\"\" border=\"0\" id=\"BLOGGER_PHOTO_ID_5211529706163786498\" src=\"http:\/\/2.bp.blogspot.com\/_DSKVEvHtskc\/SFMSp-hJ0wI\/AAAAAAAABgM\/tE1FftsxgyY\/s400\/Joel+e+Gaucho+P.JPG\" style=\"display: block; margin: 0px auto 10px; text-align: center;\" \/><\/a>Hoje iremos previlegiar os &#8216;vocais&#8217;. Come\u00e7arei por essa dupla sensacional que anda meio esquecida. Formada por Joel de Almeida e Francisco de Paula Brand\u00e3o Rangel, o Ga\u00facho, esses dois fizeram a vez durante tr\u00eas d\u00e9cadas no r\u00e1dio. Eram conhecidos por &#8220;irm\u00e3os g\u00eameos da voz&#8221; por terem timbres de voz parecidos. Este disco marca o re-encontro dos dois, em 1962, gravando novamente antigos sucessos. N\u00e3o sei exatamente se eles chegaram a gravar mais alguma coisa ap\u00f3s este disco. O \u00e1lbum que temos aqui \u00e9 um relan\u00e7amento de 1971. <\/p>\n<div align=\"center\">est\u00e3o batendo<\/div>\n<div align=\"center\">pierr\u00f4 apaixonado<\/div>\n<div align=\"center\">o chape\u00fa tamb\u00e9m diz<\/div>\n<div align=\"center\">can\u00e7\u00e3o para ingl\u00eas ver<\/div>\n<div align=\"center\">n\u00e3o precisa pagar<\/div>\n<div align=\"center\">an\u00fancio<\/div>\n<div align=\"center\">aurora<\/div>\n<div align=\"center\">pequena futurista<\/div>\n<div align=\"center\">cai, cai<\/div>\n<div align=\"center\">boogie woogie do rato<\/div>\n<div align=\"center\">parece mandinga<\/div>\n<div align=\"center\">ti-pi-tin<\/div>\n<div align=\"center\"><\/div>\n<div align=\"center\"><\/div>\n<div align=\"center\"><\/div>\n<div align=\"center\"><\/div>\n","protected":false},"excerpt":{"rendered":"<p>Hoje iremos previlegiar os &#8216;vocais&#8217;. Come\u00e7arei por essa dupla sensacional que anda meio esquecida. Formada por Joel de Almeida e Francisco de Paula Brand\u00e3o Rangel, o Ga\u00facho, esses dois fizeram a vez durante tr\u00eas d\u00e9cadas no r\u00e1dio. Eram conhecidos por &hellip; <a href=\"https:\/\/www.toque-musicall.com\/?p=1609\">Continue lendo <span class=\"meta-nav\">&rarr;<\/span><\/a><\/p>\n","protected":false},"author":1,"featured_media":0,"comment_status":"open","ping_status":"closed","sticky":false,"template":"","format":"standard","meta":{"footnotes":""},"categories":[1726,277],"tags":[],"class_list":["post-1609","post","type-post","status-publish","format-standard","hentry","category-joel-e-gaucho","category-selo-rca-camden"],"_links":{"self":[{"href":"https:\/\/www.toque-musicall.com\/index.php?rest_route=\/wp\/v2\/posts\/1609","targetHints":{"allow":["GET"]}}],"collection":[{"href":"https:\/\/www.toque-musicall.com\/index.php?rest_route=\/wp\/v2\/posts"}],"about":[{"href":"https:\/\/www.toque-musicall.com\/index.php?rest_route=\/wp\/v2\/types\/post"}],"author":[{"embeddable":true,"href":"https:\/\/www.toque-musicall.com\/index.php?rest_route=\/wp\/v2\/users\/1"}],"replies":[{"embeddable":true,"href":"https:\/\/www.toque-musicall.com\/index.php?rest_route=%2Fwp%2Fv2%2Fcomments&post=1609"}],"version-history":[{"count":0,"href":"https:\/\/www.toque-musicall.com\/index.php?rest_route=\/wp\/v2\/posts\/1609\/revisions"}],"wp:attachment":[{"href":"https:\/\/www.toque-musicall.com\/index.php?rest_route=%2Fwp%2Fv2%2Fmedia&parent=1609"}],"wp:term":[{"taxonomy":"category","embeddable":true,"href":"https:\/\/www.toque-musicall.com\/index.php?rest_route=%2Fwp%2Fv2%2Fcategories&post=1609"},{"taxonomy":"post_tag","embeddable":true,"href":"https:\/\/www.toque-musicall.com\/index.php?rest_route=%2Fwp%2Fv2%2Ftags&post=1609"}],"curies":[{"name":"wp","href":"https:\/\/api.w.org\/{rel}","templated":true}]}}