{"id":1610,"date":"2008-06-13T01:37:00","date_gmt":"2008-06-13T01:37:00","guid":{"rendered":"http:\/\/www.toque-musicall.com\/?p=1610"},"modified":"2008-06-13T01:37:00","modified_gmt":"2008-06-13T01:37:00","slug":"mario-zan-sua-bandinha-coro-o-balao-vai-subindo-r1974","status":"publish","type":"post","link":"https:\/\/www.toque-musicall.com\/?p=1610","title":{"rendered":"Mario Zan Sua Bandinha &#038; C\u00f4ro &#8211; O Bal\u00e3o Vai Subindo (R1974)"},"content":{"rendered":"<p><a href=\"http:\/\/1.bp.blogspot.com\/_DSKVEvHtskc\/SFHQX04aR7I\/AAAAAAAABgE\/GsLcYEq0ioo\/s1600-h\/Mario+Zan+P.JPG\"><img decoding=\"async\" id=\"BLOGGER_PHOTO_ID_5211175351595190194\" style=\"DISPLAY: block; MARGIN: 0px auto 10px; CURSOR: hand; TEXT-ALIGN: center\" alt=\"\" src=\"http:\/\/1.bp.blogspot.com\/_DSKVEvHtskc\/SFHQX04aR7I\/AAAAAAAABgE\/GsLcYEq0ioo\/s400\/Mario+Zan+P.JPG\" border=\"0\" \/><\/a> Aqui temos mais um disco bacana, ideal para festas juninas. Vai fazer uma festinha na sua casa neste m\u00eas? Ent\u00e3o n\u00e3o deixe ela passar sem este som. Mario Zan, um dos grandes nomes da sanfona e acordeon, ir\u00e1 animar a noite. Neste \u00e1lbum encontraremos os temas cl\u00e1ssicos que trilham as festas do m\u00eas de junho pelo Brasil. Vejam a baixo o que ele tem para n\u00f3s&#8230;<\/p>\n<div align=\"center\">chegou a hora da fogueira<\/div>\n<div align=\"center\">sonho de papel<\/div>\n<div align=\"center\">pedro, antonio e jo\u00e3o<\/div>\n<div align=\"center\">pula a fogueira<\/div>\n<div align=\"center\">cai, cai, bal\u00e3o<\/div>\n<div align=\"center\">capelinha de mel\u00e3o<\/div>\n<div align=\"center\">noites de junho<\/div>\n<div align=\"center\">bal\u00e3o bonito<\/div>\n<div align=\"center\">arraial de santo antonio<\/div>\n<div align=\"center\">isto \u00e9 l\u00e1 com santo antonio<\/div>\n<div align=\"center\">carneirinho<\/div>\n<div align=\"center\">recado a s\u00e3o jo\u00e3o<\/div>\n<div align=\"center\">os tr\u00eas santos<\/div>\n<div align=\"center\">sobe bal\u00e3o<\/div>\n<div align=\"center\">pedido a s\u00e3o jo\u00e3o<\/div>\n<div align=\"center\">marcando a quadrilha<\/div>\n<div align=\"center\"><\/div>\n<div align=\"center\"><\/div>\n<div align=\"center\"> <\/div>\n<div align=\"center\"> <\/div>\n","protected":false},"excerpt":{"rendered":"<p>Aqui temos mais um disco bacana, ideal para festas juninas. Vai fazer uma festinha na sua casa neste m\u00eas? Ent\u00e3o n\u00e3o deixe ela passar sem este som. Mario Zan, um dos grandes nomes da sanfona e acordeon, ir\u00e1 animar a &hellip; <a href=\"https:\/\/www.toque-musicall.com\/?p=1610\">Continue lendo <span class=\"meta-nav\">&rarr;<\/span><\/a><\/p>\n","protected":false},"author":1,"featured_media":0,"comment_status":"open","ping_status":"closed","sticky":false,"template":"","format":"standard","meta":{"footnotes":""},"categories":[692],"tags":[],"class_list":["post-1610","post","type-post","status-publish","format-standard","hentry","category-mario-zan"],"_links":{"self":[{"href":"https:\/\/www.toque-musicall.com\/index.php?rest_route=\/wp\/v2\/posts\/1610","targetHints":{"allow":["GET"]}}],"collection":[{"href":"https:\/\/www.toque-musicall.com\/index.php?rest_route=\/wp\/v2\/posts"}],"about":[{"href":"https:\/\/www.toque-musicall.com\/index.php?rest_route=\/wp\/v2\/types\/post"}],"author":[{"embeddable":true,"href":"https:\/\/www.toque-musicall.com\/index.php?rest_route=\/wp\/v2\/users\/1"}],"replies":[{"embeddable":true,"href":"https:\/\/www.toque-musicall.com\/index.php?rest_route=%2Fwp%2Fv2%2Fcomments&post=1610"}],"version-history":[{"count":0,"href":"https:\/\/www.toque-musicall.com\/index.php?rest_route=\/wp\/v2\/posts\/1610\/revisions"}],"wp:attachment":[{"href":"https:\/\/www.toque-musicall.com\/index.php?rest_route=%2Fwp%2Fv2%2Fmedia&parent=1610"}],"wp:term":[{"taxonomy":"category","embeddable":true,"href":"https:\/\/www.toque-musicall.com\/index.php?rest_route=%2Fwp%2Fv2%2Fcategories&post=1610"},{"taxonomy":"post_tag","embeddable":true,"href":"https:\/\/www.toque-musicall.com\/index.php?rest_route=%2Fwp%2Fv2%2Ftags&post=1610"}],"curies":[{"name":"wp","href":"https:\/\/api.w.org\/{rel}","templated":true}]}}