{"id":1614,"date":"2008-06-11T00:38:00","date_gmt":"2008-06-11T00:38:00","guid":{"rendered":"http:\/\/www.toque-musicall.com\/?p=1614"},"modified":"2008-06-11T00:38:00","modified_gmt":"2008-06-11T00:38:00","slug":"luiz-claudio-reportagem-1975","status":"publish","type":"post","link":"https:\/\/www.toque-musicall.com\/?p=1614","title":{"rendered":"Luiz Claudio &#8211; Reportagem (1975)"},"content":{"rendered":"<div align=\"left\"><a href=\"http:\/\/2.bp.blogspot.com\/_DSKVEvHtskc\/SE8sAaQndFI\/AAAAAAAABfk\/PH5ojUuRg3A\/s1600-h\/Luiz+Claudio+-+reportagem+P.JPG\"><img decoding=\"async\" alt=\"\" border=\"0\" id=\"BLOGGER_PHOTO_ID_5210431679451591762\" src=\"http:\/\/2.bp.blogspot.com\/_DSKVEvHtskc\/SE8sAaQndFI\/AAAAAAAABfk\/PH5ojUuRg3A\/s400\/Luiz+Claudio+-+reportagem+P.JPG\" style=\"cursor: hand; display: block; margin: 0px auto 10px; text-align: center;\" \/><\/a>&#8220;Qual \u00e9 a m\u00fasica de sua autoria que voc\u00ea gosta bastante e por uma raz\u00e3o ou outra n\u00e3o fez o sucesso que merecia?&#8221; Esta foi a pergunta chave feita por Luiz Claudio a cada um dos onze compositores que aqui neste disco s\u00e3o interpretados por ele. Um lp curioso e interessante, que em cada faixa come\u00e7a meio em tom de entrevista e depois Luiz Claudio entra cantando. \u00c1lbum de capa dupla, bem produzido por Aloysio de Oliveira. Tem orquestra\u00e7\u00f5es e reg\u00eancias de Wagner Tiso e participa\u00e7\u00e3o do grupo Som Imagin\u00e1rio. Por a\u00ed podemos ter uma id\u00e9ia da qualidade.<\/p>\n<div align=\"center\">esperan\u00e7a perdida &#8211; tom jobim<\/div>\n<div align=\"center\">lua cheia &#8211; chico buarque<\/div>\n<div align=\"center\">matando o tempo &#8211; braguinha<\/div>\n<div align=\"center\">cantiga &#8211; dorival caymmi<\/div>\n<div align=\"center\">poema azul &#8211; sergio ricardo<\/div>\n<div align=\"center\">h\u00e1 sempre um amanh\u00e3 &#8211; tito madi<\/div>\n<div align=\"center\">rugas &#8211; nelson cavaquinho<\/div>\n<div align=\"center\">se pelo menos voc\u00ea fosse minha &#8211; roberto menescal<\/div>\n<div align=\"center\">onde eu nasci passa um rio &#8211; caetano veloso<\/div>\n<div align=\"center\">tarde &#8211; milton nascimento<\/div>\n<div align=\"center\">can\u00e7\u00e3o da saudade &#8211; cartola<\/div>\n<div align=\"center\"><\/div>\n<div align=\"center\"><\/div>\n<div align=\"center\"><\/div>\n<div align=\"center\"><\/div>\n<\/div>\n","protected":false},"excerpt":{"rendered":"<p>&#8220;Qual \u00e9 a m\u00fasica de sua autoria que voc\u00ea gosta bastante e por uma raz\u00e3o ou outra n\u00e3o fez o sucesso que merecia?&#8221; Esta foi a pergunta chave feita por Luiz Claudio a cada um dos onze compositores que aqui &hellip; <a href=\"https:\/\/www.toque-musicall.com\/?p=1614\">Continue lendo <span class=\"meta-nav\">&rarr;<\/span><\/a><\/p>\n","protected":false},"author":1,"featured_media":0,"comment_status":"open","ping_status":"closed","sticky":false,"template":"","format":"standard","meta":{"footnotes":""},"categories":[511,244],"tags":[],"class_list":["post-1614","post","type-post","status-publish","format-standard","hentry","category-luiz-claudio","category-selo-emi-odeon"],"_links":{"self":[{"href":"https:\/\/www.toque-musicall.com\/index.php?rest_route=\/wp\/v2\/posts\/1614","targetHints":{"allow":["GET"]}}],"collection":[{"href":"https:\/\/www.toque-musicall.com\/index.php?rest_route=\/wp\/v2\/posts"}],"about":[{"href":"https:\/\/www.toque-musicall.com\/index.php?rest_route=\/wp\/v2\/types\/post"}],"author":[{"embeddable":true,"href":"https:\/\/www.toque-musicall.com\/index.php?rest_route=\/wp\/v2\/users\/1"}],"replies":[{"embeddable":true,"href":"https:\/\/www.toque-musicall.com\/index.php?rest_route=%2Fwp%2Fv2%2Fcomments&post=1614"}],"version-history":[{"count":0,"href":"https:\/\/www.toque-musicall.com\/index.php?rest_route=\/wp\/v2\/posts\/1614\/revisions"}],"wp:attachment":[{"href":"https:\/\/www.toque-musicall.com\/index.php?rest_route=%2Fwp%2Fv2%2Fmedia&parent=1614"}],"wp:term":[{"taxonomy":"category","embeddable":true,"href":"https:\/\/www.toque-musicall.com\/index.php?rest_route=%2Fwp%2Fv2%2Fcategories&post=1614"},{"taxonomy":"post_tag","embeddable":true,"href":"https:\/\/www.toque-musicall.com\/index.php?rest_route=%2Fwp%2Fv2%2Ftags&post=1614"}],"curies":[{"name":"wp","href":"https:\/\/api.w.org\/{rel}","templated":true}]}}