{"id":1619,"date":"2008-06-08T18:12:00","date_gmt":"2008-06-08T18:12:00","guid":{"rendered":"http:\/\/www.toque-musicall.com\/?p=1619"},"modified":"2008-06-08T18:12:00","modified_gmt":"2008-06-08T18:12:00","slug":"alcides-gerardi-despedida-1964","status":"publish","type":"post","link":"https:\/\/www.toque-musicall.com\/?p=1619","title":{"rendered":"Alcides Gerardi &#8211; Despedida (1964)"},"content":{"rendered":"<div align=\"left\"><a href=\"http:\/\/4.bp.blogspot.com\/_DSKVEvHtskc\/SEx4YsEHyMI\/AAAAAAAABe0\/bfaYAGHi7nw\/s1600-h\/alcides+gerardi+-+despdida+P.JPG\"><img decoding=\"async\" id=\"BLOGGER_PHOTO_ID_5209671234501462210\" style=\"DISPLAY: block; MARGIN: 0px auto 10px; CURSOR: hand; TEXT-ALIGN: center\" alt=\"\" src=\"http:\/\/4.bp.blogspot.com\/_DSKVEvHtskc\/SEx4YsEHyMI\/AAAAAAAABe0\/bfaYAGHi7nw\/s400\/alcides+gerardi+-+despdida+P.JPG\" border=\"0\" \/><\/a>Hoje estou atendendo aqui aos que, a algum tempo atr\u00e1s, haviam me pedido para postar mais coisas do Alcides Gerardi. Discos deste artista s\u00e3o mesmo dif\u00edceis de achar e sua obra anda meio esquecida. Eu, sempre que poss\u00edvel, tenho procurado atend\u00ea-los, embora n\u00e3o fosse esta a minha proposta inicial. Por outro lado, como tenho \u00e0 m\u00e3o coisas que podem agradar e que tamb\u00e9m me agradam, porque n\u00e3o faz\u00ea-lo? Mas aviso, n\u00e3o h\u00e1 promessas&#8230;<\/div>\n<div align=\"left\">Segue ent\u00e3o este \u00e1lbum raro do Gerardi, com uma capa que desperta, no m\u00ednimo a curiosidade. A orquestra\u00e7\u00e3o e arranjos s\u00e3o do maestro Astor e o repert\u00f3rio vai de samba ao bolero. As informa\u00e7\u00f5es complementares est\u00e3o na contracapa e selo, sempre inclu\u00eddos no pacote. Este \u00e9 mais um \u00e1lbum que vai dar ibope.<\/div>\n<p><\/p>\n<div align=\"center\">despedida<\/div>\n<div align=\"center\">por toda a vida<\/div>\n<div align=\"center\">quem me v\u00ea<\/div>\n<div align=\"center\">volte<\/div>\n<div align=\"center\">diga<\/div>\n<div align=\"center\">tinha que ser<\/div>\n<div align=\"center\">a maria chorou<\/div>\n<div align=\"center\">deus me ajudou<\/div>\n<div align=\"center\">sem motivo<\/div>\n<div align=\"center\">em volta da luz<\/div>\n<div align=\"center\">perversa<\/div>\n<div align=\"center\"> a corda e a ca\u00e7amba<\/div>\n<div align=\"center\"><\/div>\n<div align=\"center\"><\/div>\n<div align=\"center\"> <\/div>\n<div align=\"center\"> <\/div>\n","protected":false},"excerpt":{"rendered":"<p>Hoje estou atendendo aqui aos que, a algum tempo atr\u00e1s, haviam me pedido para postar mais coisas do Alcides Gerardi. Discos deste artista s\u00e3o mesmo dif\u00edceis de achar e sua obra anda meio esquecida. Eu, sempre que poss\u00edvel, tenho procurado &hellip; <a href=\"https:\/\/www.toque-musicall.com\/?p=1619\">Continue lendo <span class=\"meta-nav\">&rarr;<\/span><\/a><\/p>\n","protected":false},"author":1,"featured_media":0,"comment_status":"open","ping_status":"closed","sticky":false,"template":"","format":"standard","meta":{"footnotes":""},"categories":[114],"tags":[],"class_list":["post-1619","post","type-post","status-publish","format-standard","hentry","category-alcides-gerardi"],"_links":{"self":[{"href":"https:\/\/www.toque-musicall.com\/index.php?rest_route=\/wp\/v2\/posts\/1619","targetHints":{"allow":["GET"]}}],"collection":[{"href":"https:\/\/www.toque-musicall.com\/index.php?rest_route=\/wp\/v2\/posts"}],"about":[{"href":"https:\/\/www.toque-musicall.com\/index.php?rest_route=\/wp\/v2\/types\/post"}],"author":[{"embeddable":true,"href":"https:\/\/www.toque-musicall.com\/index.php?rest_route=\/wp\/v2\/users\/1"}],"replies":[{"embeddable":true,"href":"https:\/\/www.toque-musicall.com\/index.php?rest_route=%2Fwp%2Fv2%2Fcomments&post=1619"}],"version-history":[{"count":0,"href":"https:\/\/www.toque-musicall.com\/index.php?rest_route=\/wp\/v2\/posts\/1619\/revisions"}],"wp:attachment":[{"href":"https:\/\/www.toque-musicall.com\/index.php?rest_route=%2Fwp%2Fv2%2Fmedia&parent=1619"}],"wp:term":[{"taxonomy":"category","embeddable":true,"href":"https:\/\/www.toque-musicall.com\/index.php?rest_route=%2Fwp%2Fv2%2Fcategories&post=1619"},{"taxonomy":"post_tag","embeddable":true,"href":"https:\/\/www.toque-musicall.com\/index.php?rest_route=%2Fwp%2Fv2%2Ftags&post=1619"}],"curies":[{"name":"wp","href":"https:\/\/api.w.org\/{rel}","templated":true}]}}