{"id":1625,"date":"2008-06-05T16:36:00","date_gmt":"2008-06-05T16:36:00","guid":{"rendered":"http:\/\/www.toque-musicall.com\/?p=1625"},"modified":"2008-06-05T16:36:00","modified_gmt":"2008-06-05T16:36:00","slug":"odete-amaral-e-cyro-monteiro-jr-do-outro-lado-da-vida-1962","status":"publish","type":"post","link":"https:\/\/www.toque-musicall.com\/?p=1625","title":{"rendered":"Odete Amaral E Cyro Monteiro Jr. &#8211; Do Outro Lado Da Vida (1962)"},"content":{"rendered":"<div align=\"left\"><a href=\"http:\/\/2.bp.blogspot.com\/_DSKVEvHtskc\/SEgW1-PENBI\/AAAAAAAABeE\/lKdQjrSYkJA\/s1600-h\/do+outro+lado+da+vida+P.JPG\"><img decoding=\"async\" id=\"BLOGGER_PHOTO_ID_5208438085549044754\" style=\"DISPLAY: block; MARGIN: 0px auto 10px; CURSOR: hand; TEXT-ALIGN: center\" alt=\"\" src=\"http:\/\/2.bp.blogspot.com\/_DSKVEvHtskc\/SEgW1-PENBI\/AAAAAAAABeE\/lKdQjrSYkJA\/s400\/do+outro+lado+da+vida+P.JPG\" border=\"0\" \/><\/a>Ol\u00e1 meus atentos e ocultos amigos do blog! Aproveito a folga de uma hora para adiantar um pouco as postagens do dia. Hoje venho trazendo dois discos de uma s\u00e9rie lan\u00e7ada no in\u00edcio dos anos 60 pelo selo Som. Uma das coisas que logo chama a aten\u00e7\u00e3o \u00e9 o trabalho de capa, para \u00e9poca, super inovador. Observem que ela \u00e9 forrada por um tecido r\u00fastico, tipo saco de linhagem e a impress\u00e3o gr\u00e1fica \u00e9 feita sobre ele. Realmente isso d\u00e1 ao \u00e1lbum uma caracter\u00edstica \u00fanica. Um tipo de trabalho agregado ao disco que viria a ser mais explorado na d\u00e9cada seguinte. Muito legal.<br \/>Temos ent\u00e3o para come\u00e7ar um \u00e1lbum gravado pela Odete Amaral e seu filho Cyro Monteiro Jr. em 1962 (Odete foi casada com Cyro Monteiro) . Este lp foi idealizado pelo radialista Afonso Soares, que na \u00e9poca apresentava um programa de reportagem na antiga R\u00e1dio Tupi do Rio chamado, &#8220;Do outro lado da vida&#8221;, com entrevistas e cr\u00f4nicas, focando o dia a dia nos pres\u00eddios do Brasil. Foi desses contatos que surgiu a id\u00e9ia de se fazer um disco com composi\u00e7\u00f5es dos presidi\u00e1rios, interpretadas por Odete e Cyro Jr. Uma iniciativa muito louv\u00e1vel que gerou um disco excelente. Coisas como essas n\u00e3o acontecem mais, pelo menos no quesito qualidade. Nossos antigos presidi\u00e1rios eram bem mais rom\u00e2nticos e menos raivosos. Se fosse feito hoje, o que ter\u00edamos era um disco de rap. Um estere\u00f3tipo da cultura marginal americana, uma c\u00f3pia bo\u00e7al de pura viol\u00eancia. Pura macaquice&#8230;<\/div>\n<div align=\"left\">Este \u00e9 um lp altamente recomendado. Um \u00e1lbum que merece ser ouvido e alguns coment\u00e1rios&#8230;<\/div>\n<p><\/p>\n<div align=\"center\">luar de vila s\u00f4nia<\/div>\n<div align=\"center\">nos bra\u00e7os de algu\u00e9m<\/div>\n<div align=\"center\">quem zomba \u00e9 crian\u00e7a<\/div>\n<div align=\"center\">sil\u00eancio! \u00e9 madrugada<\/div>\n<div align=\"center\">amor sublime<\/div>\n<div align=\"center\">passatempo<\/div>\n<div align=\"center\">del\u00edrio<\/div>\n<div align=\"center\">poema do meu bem<\/div>\n<div align=\"center\">sorriso de ironia<\/div>\n<div align=\"center\">chuva na cal\u00e7ada<\/div>\n<div align=\"center\">reconcilia\u00e7\u00e3o<\/div>\n<div align=\"center\">tempo ladr\u00e3o<\/div>\n<div align=\"center\"><\/div>\n<div align=\"center\"><\/div>\n<div align=\"center\"><\/div>\n<div align=\"center\"><\/div>\n","protected":false},"excerpt":{"rendered":"<p>Ol\u00e1 meus atentos e ocultos amigos do blog! Aproveito a folga de uma hora para adiantar um pouco as postagens do dia. Hoje venho trazendo dois discos de uma s\u00e9rie lan\u00e7ada no in\u00edcio dos anos 60 pelo selo Som. Uma &hellip; <a href=\"https:\/\/www.toque-musicall.com\/?p=1625\">Continue lendo <span class=\"meta-nav\">&rarr;<\/span><\/a><\/p>\n","protected":false},"author":1,"featured_media":0,"comment_status":"open","ping_status":"closed","sticky":false,"template":"","format":"standard","meta":{"footnotes":""},"categories":[1732,1733],"tags":[],"class_list":["post-1625","post","type-post","status-publish","format-standard","hentry","category-cyro-monteiro-jr","category-odete-amaral"],"_links":{"self":[{"href":"https:\/\/www.toque-musicall.com\/index.php?rest_route=\/wp\/v2\/posts\/1625","targetHints":{"allow":["GET"]}}],"collection":[{"href":"https:\/\/www.toque-musicall.com\/index.php?rest_route=\/wp\/v2\/posts"}],"about":[{"href":"https:\/\/www.toque-musicall.com\/index.php?rest_route=\/wp\/v2\/types\/post"}],"author":[{"embeddable":true,"href":"https:\/\/www.toque-musicall.com\/index.php?rest_route=\/wp\/v2\/users\/1"}],"replies":[{"embeddable":true,"href":"https:\/\/www.toque-musicall.com\/index.php?rest_route=%2Fwp%2Fv2%2Fcomments&post=1625"}],"version-history":[{"count":0,"href":"https:\/\/www.toque-musicall.com\/index.php?rest_route=\/wp\/v2\/posts\/1625\/revisions"}],"wp:attachment":[{"href":"https:\/\/www.toque-musicall.com\/index.php?rest_route=%2Fwp%2Fv2%2Fmedia&parent=1625"}],"wp:term":[{"taxonomy":"category","embeddable":true,"href":"https:\/\/www.toque-musicall.com\/index.php?rest_route=%2Fwp%2Fv2%2Fcategories&post=1625"},{"taxonomy":"post_tag","embeddable":true,"href":"https:\/\/www.toque-musicall.com\/index.php?rest_route=%2Fwp%2Fv2%2Ftags&post=1625"}],"curies":[{"name":"wp","href":"https:\/\/api.w.org\/{rel}","templated":true}]}}