{"id":1626,"date":"2008-06-05T01:01:00","date_gmt":"2008-06-05T01:01:00","guid":{"rendered":"http:\/\/www.toque-musicall.com\/?p=1626"},"modified":"2008-06-05T01:01:00","modified_gmt":"2008-06-05T01:01:00","slug":"luiz-arruda-paes-brasil-em-tempo-de-danca-1961","status":"publish","type":"post","link":"https:\/\/www.toque-musicall.com\/?p=1626","title":{"rendered":"Luiz Arruda Paes &#8211; Brasil Em Tempo De Dan\u00e7a (1961)"},"content":{"rendered":"<div align=\"left\"><a href=\"http:\/\/4.bp.blogspot.com\/_DSKVEvHtskc\/SEc7hjsMNrI\/AAAAAAAABd8\/_RzTlaBBTug\/s1600-h\/Luiz+Arruda+P.JPG\"><img decoding=\"async\" style=\"TEXT-ALIGN: center; MARGIN: 0px auto 10px; DISPLAY: block; CURSOR: hand\" id=\"BLOGGER_PHOTO_ID_5208196941779580594\" border=\"0\" alt=\"\" src=\"http:\/\/4.bp.blogspot.com\/_DSKVEvHtskc\/SEc7hjsMNrI\/AAAAAAAABd8\/_RzTlaBBTug\/s400\/Luiz+Arruda+P.JPG\" \/><\/a> Como eu havia dito, este disco tem tudo a ver com o anterior (ou o anterior a ver com este). Observem a capa. No reflexo do espelho da cigarrilha podemos ver um casal feliz a dan\u00e7ar. Ou ser\u00e1 a capa do disco do M\u00e1rio Gennari? Vejam voc\u00eas como \u00e9 a coisa&#8230; Bom, mas quanto a coisa l\u00e1 dentro, o vinil, estou tamb\u00e9m ouvindo agora. Eu n\u00e3o conhecia este disco. Este \u00e1lbum re\u00fane alguns de seus trabalhos gravados anteriormente, na d\u00e9cada de 50, nos bolach\u00f5es de 78 rpm. Me lembrou alguma coisa de Ray Conniff, aqueles vocais&#8230; Mas c\u00e1 pr\u00e1 n\u00f3s&#8230; sou mais este aqui. Disquinho muito bom!<\/div>\n<div align=\"left\">Luiz Arruda tamb\u00e9m foi outro grande instrumentista nos anos 50, recebendo v\u00e1rios pr\u00eamios como pianista e arranjador. Outra semelhan\u00e7a neste disco \u00e9 tamb\u00e9m a sua aus\u00eancia na discografia do artista. Algu\u00e9m a\u00ed para dar uma luz?<\/div>\n<p><\/p>\n<div align=\"center\">mulher<\/div>\n<div align=\"center\">o apito no samba<\/div>\n<div align=\"center\">ins\u00f4nia<\/div>\n<div align=\"center\">por causa de voc\u00ea<\/div>\n<div align=\"center\">nada al\u00e9m<\/div>\n<div align=\"center\">rio de janeiro<\/div>\n<div align=\"center\">h\u00f4 b\u00e1 l\u00e1 l\u00e1<\/div>\n<div align=\"center\">eu sei que vou te amar<\/div>\n<div align=\"center\">adeus<\/div>\n<div align=\"center\">baia com h<\/div>\n<div align=\"center\">mente<\/div>\n<div align=\"center\">nem eu<\/div>\n<div align=\"center\"><\/div>\n<div align=\"center\"><\/div>\n<div align=\"center\"><\/div>\n<div align=\"center\"><\/div>\n","protected":false},"excerpt":{"rendered":"<p>Como eu havia dito, este disco tem tudo a ver com o anterior (ou o anterior a ver com este). Observem a capa. No reflexo do espelho da cigarrilha podemos ver um casal feliz a dan\u00e7ar. Ou ser\u00e1 a capa &hellip; <a href=\"https:\/\/www.toque-musicall.com\/?p=1626\">Continue lendo <span class=\"meta-nav\">&rarr;<\/span><\/a><\/p>\n","protected":false},"author":1,"featured_media":0,"comment_status":"open","ping_status":"closed","sticky":false,"template":"","format":"standard","meta":{"footnotes":""},"categories":[630],"tags":[],"class_list":["post-1626","post","type-post","status-publish","format-standard","hentry","category-luiz-arruda-paes"],"_links":{"self":[{"href":"https:\/\/www.toque-musicall.com\/index.php?rest_route=\/wp\/v2\/posts\/1626","targetHints":{"allow":["GET"]}}],"collection":[{"href":"https:\/\/www.toque-musicall.com\/index.php?rest_route=\/wp\/v2\/posts"}],"about":[{"href":"https:\/\/www.toque-musicall.com\/index.php?rest_route=\/wp\/v2\/types\/post"}],"author":[{"embeddable":true,"href":"https:\/\/www.toque-musicall.com\/index.php?rest_route=\/wp\/v2\/users\/1"}],"replies":[{"embeddable":true,"href":"https:\/\/www.toque-musicall.com\/index.php?rest_route=%2Fwp%2Fv2%2Fcomments&post=1626"}],"version-history":[{"count":0,"href":"https:\/\/www.toque-musicall.com\/index.php?rest_route=\/wp\/v2\/posts\/1626\/revisions"}],"wp:attachment":[{"href":"https:\/\/www.toque-musicall.com\/index.php?rest_route=%2Fwp%2Fv2%2Fmedia&parent=1626"}],"wp:term":[{"taxonomy":"category","embeddable":true,"href":"https:\/\/www.toque-musicall.com\/index.php?rest_route=%2Fwp%2Fv2%2Fcategories&post=1626"},{"taxonomy":"post_tag","embeddable":true,"href":"https:\/\/www.toque-musicall.com\/index.php?rest_route=%2Fwp%2Fv2%2Ftags&post=1626"}],"curies":[{"name":"wp","href":"https:\/\/api.w.org\/{rel}","templated":true}]}}