{"id":1627,"date":"2008-06-05T00:24:00","date_gmt":"2008-06-05T00:24:00","guid":{"rendered":"http:\/\/www.toque-musicall.com\/?p=1627"},"modified":"2008-06-05T00:24:00","modified_gmt":"2008-06-05T00:24:00","slug":"mario-gennari-filho-seu-acordeon-e-ritmo-hum-mmmmm-e-bom-dancar-1960","status":"publish","type":"post","link":"https:\/\/www.toque-musicall.com\/?p=1627","title":{"rendered":"M\u00e1rio Gennari Filho &#8211; Seu Acordeon E Ritmo &#8211; Hum&#8230;Mmmmm.. \u00c9 Bom Dan\u00e7ar (1960)"},"content":{"rendered":"<div align=\"left\"><a href=\"http:\/\/4.bp.blogspot.com\/_DSKVEvHtskc\/SEc4BjsMNqI\/AAAAAAAABd0\/1XieG4uAKRI\/s1600-h\/Mario+Gennari+Filho+P.JPG\"><img decoding=\"async\" id=\"BLOGGER_PHOTO_ID_5208193093488883362\" style=\"DISPLAY: block; MARGIN: 0px auto 10px; CURSOR: hand; TEXT-ALIGN: center\" alt=\"\" src=\"http:\/\/4.bp.blogspot.com\/_DSKVEvHtskc\/SEc4BjsMNqI\/AAAAAAAABd0\/1XieG4uAKRI\/s400\/Mario+Gennari+Filho+P.JPG\" border=\"0\" \/><\/a> Hoje eu estou trazendo aqui dois lps que tem algumas coisas em comum. S\u00e3o \u00e1lbuns supostamente da mesma \u00e9poca, g\u00eanero dan\u00e7ante e uma capa com tudo a ver. Outro detalhe \u00e9 a total falta de informa\u00e7\u00e3o sobre os discos. Neste do M\u00e1rio Gennari, n\u00e3o consta data e nem em sua discografia. Estranho&#8230; Algu\u00e9m a\u00ed tem alguma informa\u00e7\u00e3o?<\/div>\n<div align=\"left\">Estou ouvindo este \u00e1lbum pela primeira vez. Um disco fino, que vai agradar. Traz um repert\u00f3rio de qualidade, somado a um estilo cativante. M\u00e1rio Gennari Filho foi um dos maiores nomes no acordeon no Brasil. Fez muito sucesso na d\u00e9cada de 50, recebendo v\u00e1rios pr\u00eamios como instrumentista. Melhor mesmo \u00e9 ouvir, n\u00e9? Vamos nessa, tamb\u00e9m estou descobrindo agora&#8230;<\/div>\n<p><\/p>\n<div align=\"center\">menina mo\u00e7a<\/div>\n<div align=\"center\">medita\u00e7\u00e3o<\/div>\n<div align=\"center\">amor, amor&#8230;<\/div>\n<div align=\"center\">rico vacilon<\/div>\n<div align=\"center\">e da\u00ed? (proibi\u00e7\u00e3o in\u00fatil e ilegal)<\/div>\n<div align=\"center\">a felicidade<\/div>\n<div align=\"center\">trumpet cha cha cha<\/div>\n<div align=\"center\">cubanancan<\/div>\n<div align=\"center\">oorvalho vem caindo<\/div>\n<div align=\"center\">ou\u00e7a<\/div>\n<div align=\"center\">acercate m\u00e1s<\/div>\n<div align=\"center\">tu me acostumbraste<\/div>\n<div align=\"center\"> <\/div>\n<div align=\"center\">\n<\/div>\n","protected":false},"excerpt":{"rendered":"<p>Hoje eu estou trazendo aqui dois lps que tem algumas coisas em comum. S\u00e3o \u00e1lbuns supostamente da mesma \u00e9poca, g\u00eanero dan\u00e7ante e uma capa com tudo a ver. Outro detalhe \u00e9 a total falta de informa\u00e7\u00e3o sobre os discos. Neste &hellip; <a href=\"https:\/\/www.toque-musicall.com\/?p=1627\">Continue lendo <span class=\"meta-nav\">&rarr;<\/span><\/a><\/p>\n","protected":false},"author":1,"featured_media":0,"comment_status":"open","ping_status":"closed","sticky":false,"template":"","format":"standard","meta":{"footnotes":""},"categories":[1734],"tags":[],"class_list":["post-1627","post","type-post","status-publish","format-standard","hentry","category-mario-gennari-filho"],"_links":{"self":[{"href":"https:\/\/www.toque-musicall.com\/index.php?rest_route=\/wp\/v2\/posts\/1627","targetHints":{"allow":["GET"]}}],"collection":[{"href":"https:\/\/www.toque-musicall.com\/index.php?rest_route=\/wp\/v2\/posts"}],"about":[{"href":"https:\/\/www.toque-musicall.com\/index.php?rest_route=\/wp\/v2\/types\/post"}],"author":[{"embeddable":true,"href":"https:\/\/www.toque-musicall.com\/index.php?rest_route=\/wp\/v2\/users\/1"}],"replies":[{"embeddable":true,"href":"https:\/\/www.toque-musicall.com\/index.php?rest_route=%2Fwp%2Fv2%2Fcomments&post=1627"}],"version-history":[{"count":0,"href":"https:\/\/www.toque-musicall.com\/index.php?rest_route=\/wp\/v2\/posts\/1627\/revisions"}],"wp:attachment":[{"href":"https:\/\/www.toque-musicall.com\/index.php?rest_route=%2Fwp%2Fv2%2Fmedia&parent=1627"}],"wp:term":[{"taxonomy":"category","embeddable":true,"href":"https:\/\/www.toque-musicall.com\/index.php?rest_route=%2Fwp%2Fv2%2Fcategories&post=1627"},{"taxonomy":"post_tag","embeddable":true,"href":"https:\/\/www.toque-musicall.com\/index.php?rest_route=%2Fwp%2Fv2%2Ftags&post=1627"}],"curies":[{"name":"wp","href":"https:\/\/api.w.org\/{rel}","templated":true}]}}