{"id":1632,"date":"2008-06-01T19:38:00","date_gmt":"2008-06-01T19:38:00","guid":{"rendered":"http:\/\/www.toque-musicall.com\/?p=1632"},"modified":"2008-06-01T19:38:00","modified_gmt":"2008-06-01T19:38:00","slug":"jorge-veiga-alo-alo-canta-jorge-veiga-1959","status":"publish","type":"post","link":"https:\/\/www.toque-musicall.com\/?p=1632","title":{"rendered":"Jorge Veiga &#8211; Al\u00f4! Al\u00f4! Canta Jorge Veiga (1959)"},"content":{"rendered":"<div align=\"left\"><a href=\"http:\/\/3.bp.blogspot.com\/_DSKVEvHtskc\/SEL9rjsMNlI\/AAAAAAAABdM\/fMSe76K7LDg\/s1600-h\/Jorge+VEiga+-+alo+alo+P.JPG\"><img decoding=\"async\" id=\"BLOGGER_PHOTO_ID_5207003043950507602\" style=\"DISPLAY: block; MARGIN: 0px auto 10px; CURSOR: hand; TEXT-ALIGN: center\" alt=\"\" src=\"http:\/\/3.bp.blogspot.com\/_DSKVEvHtskc\/SEL9rjsMNlI\/AAAAAAAABdM\/fMSe76K7LDg\/s400\/Jorge+VEiga+-+alo+alo+P.JPG\" border=\"0\" \/><\/a> Continuando as postagens do domingo, aqui vai mais uma obra rara do samba. Um disco que agrada gregos e troianos. Como diz um amigo meu, &#8220;puro fil\u00e9!&#8221; \u00c9, hoje o dia \u00e9 de fil\u00e9&#8230;<\/div>\n<div align=\"left\">Ao contr\u00e1rio do que disse um cr\u00edtico sobe a capa ser a coisa mais horrorosa &#8211; a come\u00e7ar por ela, acho uma maravilha, quase linda e tudo a ver com a \u00e9poca. O conte\u00fado ent\u00e3o nem se fala, puro samba de gafieira e muita malandragem. Longe de compara\u00e7\u00f5es com Moreira da Silva ou Germano Matias, Jorge Veiga foi tamb\u00e9m um dos expoentes do samba com pausas. Um samba com humor, uma caricatura da malandragem e da sociedade carioca daqueles tempos.<\/div>\n<div align=\"left\">Mais um &#8216;fil\u00e9&#8217; para se degustar no domingo. T\u00e1 dado o toque?<\/div>\n<p><\/p>\n<div align=\"center\">Quem sou eu? (Gordurinha)<\/div>\n<div align=\"center\">Garota de copacabana (Z\u00e9 da Zilda) <\/div>\n<div align=\"center\">Baile da Piedade (Raul Marques e Jorge Veiga) <\/div>\n<div align=\"center\">N\u00eaga Zura (Z\u00e9 da Zilda) <\/div>\n<div align=\"center\">Conversa de botequim (Noel Rosa e Vadico) <\/div>\n<div align=\"center\">Perdeu-se uma valise (Daniel Lustoza e Jorge Veiga) <\/div>\n<div align=\"center\">Mulher malandra (Z\u00e9 da Zilda) <\/div>\n<div align=\"center\">Sambista no c\u00e9u (Z\u00e9 Viol\u00e3o e Jorge Veiga) <\/div>\n<div align=\"center\">Acertei no milhar (Wilson Batista e Geraldo Pereira) <\/div>\n<div align=\"center\">Baile de choro (Z\u00e9 Viol\u00e3o e Al\u00edpio Rangel) <\/div>\n<div align=\"center\">An\u00fancio (Ben\u00ea Machado) <\/div>\n<div align=\"center\">Noiva da gafieira (Domingos Ludovic, Guimar\u00e3es Santos e Waldemar Pujol)<\/div>\n<div align=\"center\"><\/div>\n<div align=\"center\"><\/div>\n<div align=\"center\"><\/div>\n","protected":false},"excerpt":{"rendered":"<p>Continuando as postagens do domingo, aqui vai mais uma obra rara do samba. Um disco que agrada gregos e troianos. Como diz um amigo meu, &#8220;puro fil\u00e9!&#8221; \u00c9, hoje o dia \u00e9 de fil\u00e9&#8230; Ao contr\u00e1rio do que disse um &hellip; <a href=\"https:\/\/www.toque-musicall.com\/?p=1632\">Continue lendo <span class=\"meta-nav\">&rarr;<\/span><\/a><\/p>\n","protected":false},"author":1,"featured_media":0,"comment_status":"open","ping_status":"closed","sticky":false,"template":"","format":"standard","meta":{"footnotes":""},"categories":[1131],"tags":[],"class_list":["post-1632","post","type-post","status-publish","format-standard","hentry","category-jorge-veiga"],"_links":{"self":[{"href":"https:\/\/www.toque-musicall.com\/index.php?rest_route=\/wp\/v2\/posts\/1632","targetHints":{"allow":["GET"]}}],"collection":[{"href":"https:\/\/www.toque-musicall.com\/index.php?rest_route=\/wp\/v2\/posts"}],"about":[{"href":"https:\/\/www.toque-musicall.com\/index.php?rest_route=\/wp\/v2\/types\/post"}],"author":[{"embeddable":true,"href":"https:\/\/www.toque-musicall.com\/index.php?rest_route=\/wp\/v2\/users\/1"}],"replies":[{"embeddable":true,"href":"https:\/\/www.toque-musicall.com\/index.php?rest_route=%2Fwp%2Fv2%2Fcomments&post=1632"}],"version-history":[{"count":0,"href":"https:\/\/www.toque-musicall.com\/index.php?rest_route=\/wp\/v2\/posts\/1632\/revisions"}],"wp:attachment":[{"href":"https:\/\/www.toque-musicall.com\/index.php?rest_route=%2Fwp%2Fv2%2Fmedia&parent=1632"}],"wp:term":[{"taxonomy":"category","embeddable":true,"href":"https:\/\/www.toque-musicall.com\/index.php?rest_route=%2Fwp%2Fv2%2Fcategories&post=1632"},{"taxonomy":"post_tag","embeddable":true,"href":"https:\/\/www.toque-musicall.com\/index.php?rest_route=%2Fwp%2Fv2%2Ftags&post=1632"}],"curies":[{"name":"wp","href":"https:\/\/api.w.org\/{rel}","templated":true}]}}