{"id":1635,"date":"2008-05-31T19:45:00","date_gmt":"2008-05-31T19:45:00","guid":{"rendered":"http:\/\/www.toque-musicall.com\/?p=1635"},"modified":"2008-05-31T19:45:00","modified_gmt":"2008-05-31T19:45:00","slug":"tito-madi-quero-te-assim-1959","status":"publish","type":"post","link":"https:\/\/www.toque-musicall.com\/?p=1635","title":{"rendered":"Tito Madi &#8211; Quero-te Assim (1959)"},"content":{"rendered":"<div align=\"left\"><a href=\"http:\/\/3.bp.blogspot.com\/_DSKVEvHtskc\/SEGsDNRX-1I\/AAAAAAAABc0\/RjA8itlWXHU\/s1600-h\/Tito+Madi+-+P.JPG\"><img decoding=\"async\" id=\"BLOGGER_PHOTO_ID_5206631815319124818\" style=\"DISPLAY: block; MARGIN: 0px auto 10px; CURSOR: hand; TEXT-ALIGN: center\" alt=\"\" src=\"http:\/\/3.bp.blogspot.com\/_DSKVEvHtskc\/SEGsDNRX-1I\/AAAAAAAABc0\/RjA8itlWXHU\/s400\/Tito+Madi+-+P.JPG\" border=\"0\" \/><\/a>Ol\u00e1 a todos! Hoje, como estou muito bem disposto, pretendo postar dois discos para embalar o s\u00e1bado dos amigos. Come\u00e7o atendendo a um pedido pr\u00e1 l\u00e1 de especial e que por sorte estava na m\u00e3o. Meu caro amigo Luizinho, a felicidade hoje \u00e9 sua, pode matar saudades&#8230;<\/div>\n<div align=\"left\"><\/div>\n<div align=\"left\">Temos ent\u00e3o para iniciar, Tito Madi neste disco lan\u00e7ado pela Continental em 1959. Um \u00e1lbum rom\u00e2ntico e com muita classe. O repert\u00f3rio tem compositores variados e apenas a faixa t\u00edtulo \u00e9 de sua autoria. Eu, pessoalmente gosto mais e chamo a aten\u00e7\u00e3o para duas das faixas: &#8220;O nosso olhar&#8221; de Sergio Ricardo e &#8220;Al\u00e9m do c\u00e9u&#8221; de Edson Borges e Sidney Morais. Gosto deste lp tamb\u00e9m pelo instrumental, os arranjos do maestro Radam\u00e9s Gnattali que d\u00e3o ao trabalho um toque de classe e riquesa musical. Muito boa pedida!<\/div>\n<div align=\"center\">Quero-te assim (Tito Madi)<br \/>Neste mesmo lugar (Armando Cavalcanti &#8211; Kl\u00e9cius Caldas)<br \/>Caminhando na garoa (Dunga &#8211; Nazareno de Brito)<br \/>Minha can\u00e7\u00e3o do amor (Severino Filho &#8211; Alberto Paz)<br \/>O nosso olhar (Sergio Ricardo)<br \/>Seu nome n\u00e3o \u00e9 Maria (Nestor de Holanda &#8211; Ismael Neto)<br \/>Pela rua (Dolores Duran &#8211; Ribamar)<br \/>Mal entendido (Ivon Cury)<br \/>Minha Maria morena (Jo\u00e3o de Barro &#8211; Alcyr Pires Vermelho)<br \/>Bra\u00e7os abertos (Norival Reis &#8211; Jair Amorim)<br \/>N\u00e3o me condenem (Julio Nagib)<br \/>Al\u00e9m do c\u00e9u (Edson Borges &#8211; Sidney Morais) <\/div>\n<div align=\"center\"><\/div>\n<div align=\"center\"><\/div>\n<div align=\"center\"> <\/div>\n<div align=\"center\"> <\/div>\n","protected":false},"excerpt":{"rendered":"<p>Ol\u00e1 a todos! Hoje, como estou muito bem disposto, pretendo postar dois discos para embalar o s\u00e1bado dos amigos. Come\u00e7o atendendo a um pedido pr\u00e1 l\u00e1 de especial e que por sorte estava na m\u00e3o. Meu caro amigo Luizinho, a &hellip; <a href=\"https:\/\/www.toque-musicall.com\/?p=1635\">Continue lendo <span class=\"meta-nav\">&rarr;<\/span><\/a><\/p>\n","protected":false},"author":1,"featured_media":0,"comment_status":"open","ping_status":"closed","sticky":false,"template":"","format":"standard","meta":{"footnotes":""},"categories":[89],"tags":[],"class_list":["post-1635","post","type-post","status-publish","format-standard","hentry","category-tito-madi"],"_links":{"self":[{"href":"https:\/\/www.toque-musicall.com\/index.php?rest_route=\/wp\/v2\/posts\/1635","targetHints":{"allow":["GET"]}}],"collection":[{"href":"https:\/\/www.toque-musicall.com\/index.php?rest_route=\/wp\/v2\/posts"}],"about":[{"href":"https:\/\/www.toque-musicall.com\/index.php?rest_route=\/wp\/v2\/types\/post"}],"author":[{"embeddable":true,"href":"https:\/\/www.toque-musicall.com\/index.php?rest_route=\/wp\/v2\/users\/1"}],"replies":[{"embeddable":true,"href":"https:\/\/www.toque-musicall.com\/index.php?rest_route=%2Fwp%2Fv2%2Fcomments&post=1635"}],"version-history":[{"count":0,"href":"https:\/\/www.toque-musicall.com\/index.php?rest_route=\/wp\/v2\/posts\/1635\/revisions"}],"wp:attachment":[{"href":"https:\/\/www.toque-musicall.com\/index.php?rest_route=%2Fwp%2Fv2%2Fmedia&parent=1635"}],"wp:term":[{"taxonomy":"category","embeddable":true,"href":"https:\/\/www.toque-musicall.com\/index.php?rest_route=%2Fwp%2Fv2%2Fcategories&post=1635"},{"taxonomy":"post_tag","embeddable":true,"href":"https:\/\/www.toque-musicall.com\/index.php?rest_route=%2Fwp%2Fv2%2Ftags&post=1635"}],"curies":[{"name":"wp","href":"https:\/\/api.w.org\/{rel}","templated":true}]}}