{"id":1652,"date":"2008-05-18T02:39:00","date_gmt":"2008-05-18T02:39:00","guid":{"rendered":"http:\/\/www.toque-musicall.com\/?p=1652"},"modified":"2008-05-18T02:39:00","modified_gmt":"2008-05-18T02:39:00","slug":"andre-penazzi-orgao-samba-percussao-1963","status":"publish","type":"post","link":"https:\/\/www.toque-musicall.com\/?p=1652","title":{"rendered":"Andr\u00e9 Penazzi &#8211; Org\u00e3o&#8230; Samba&#8230; Percuss\u00e3o (1963)"},"content":{"rendered":"<div align=\"left\"><a href=\"http:\/\/2.bp.blogspot.com\/_DSKVEvHtskc\/SC-bDluK3TI\/AAAAAAAABaU\/sJIylcDm10Q\/s1600-h\/andre+penazzi+-+org%C3%83%C2%A3o+samba+percuss%C3%83%C2%A3o+P.JPG\"><img decoding=\"async\" id=\"BLOGGER_PHOTO_ID_5201546580603886898\" style=\"DISPLAY: block; MARGIN: 0px auto 10px; CURSOR: hand; TEXT-ALIGN: center\" alt=\"\" src=\"http:\/\/2.bp.blogspot.com\/_DSKVEvHtskc\/SC-bDluK3TI\/AAAAAAAABaU\/sJIylcDm10Q\/s400\/andre+penazzi+-+org%C3%A3o+samba+percuss%C3%A3o+P.JPG\" border=\"0\" \/><\/a> Para fecharmos o dia e encerramos a noite, vamos no embalo do Andr\u00e9 Penazzi e seu org\u00e3o a la Walter Wanderley (sem querer comparar, claro). Este \u00e9 o primeiro de uma s\u00e9rie de discos gravados por Penazzi entitulado &#8216;Org\u00e3o Samba Percuss\u00e3o&#8217;. Estou postando este volume porque acho que ele ainda n\u00e3o apareceu nas bicas. Pessoalmente, eu acho essa s\u00e9rie \u00e0 um passo do bizarro. Algo que me soa t\u00e3o estranho quanto o Pepeu Gomes solando em sua guitarra o Hino Nacional. Por\u00e9m, contudo, todavia&#8230; gosto n\u00e3o se descute &#8211; se comenta ou se lamenta. Hoje em dia eu at\u00e9 que gosto mais. Algumas coisas s\u00e3o como caco de vidro ao sol, quanto mais distante, menos pobre, mais brilhante (putz! essa nasceu agora, de minha lavra!). Eu, nessa altura do campeonato s\u00f3 quero mesmo \u00e9 coment\u00e1rios. At\u00e9 amanh\u00e3!<\/div>\n<p><\/p>\n<div align=\"center\">samba de madrugada<\/div>\n<div align=\"center\">castiguei<\/div>\n<div align=\"center\">tema do boneco de palha<\/div>\n<div align=\"center\">levanta mangueira<\/div>\n<div align=\"center\">voc\u00ea<\/div>\n<div align=\"center\">e&#8230; voc\u00ea n\u00e3o diz nada<\/div>\n<div align=\"center\">mulata assanhada<\/div>\n<div align=\"center\">liberdade demais<\/div>\n<div align=\"center\">samba da minha terra<\/div>\n<div align=\"center\">s\u00f3 vou de mulher<\/div>\n<div align=\"center\">chora pierrot<\/div>\n<div align=\"center\">quero morrer no carnaval<\/div>\n<div align=\"center\"><\/div>\n<div align=\"center\"><\/div>\n<div align=\"center\"><\/div>\n","protected":false},"excerpt":{"rendered":"<p>Para fecharmos o dia e encerramos a noite, vamos no embalo do Andr\u00e9 Penazzi e seu org\u00e3o a la Walter Wanderley (sem querer comparar, claro). Este \u00e9 o primeiro de uma s\u00e9rie de discos gravados por Penazzi entitulado &#8216;Org\u00e3o Samba &hellip; <a href=\"https:\/\/www.toque-musicall.com\/?p=1652\">Continue lendo <span class=\"meta-nav\">&rarr;<\/span><\/a><\/p>\n","protected":false},"author":1,"featured_media":0,"comment_status":"open","ping_status":"closed","sticky":false,"template":"","format":"standard","meta":{"footnotes":""},"categories":[939],"tags":[],"class_list":["post-1652","post","type-post","status-publish","format-standard","hentry","category-andre-penazzi"],"_links":{"self":[{"href":"https:\/\/www.toque-musicall.com\/index.php?rest_route=\/wp\/v2\/posts\/1652","targetHints":{"allow":["GET"]}}],"collection":[{"href":"https:\/\/www.toque-musicall.com\/index.php?rest_route=\/wp\/v2\/posts"}],"about":[{"href":"https:\/\/www.toque-musicall.com\/index.php?rest_route=\/wp\/v2\/types\/post"}],"author":[{"embeddable":true,"href":"https:\/\/www.toque-musicall.com\/index.php?rest_route=\/wp\/v2\/users\/1"}],"replies":[{"embeddable":true,"href":"https:\/\/www.toque-musicall.com\/index.php?rest_route=%2Fwp%2Fv2%2Fcomments&post=1652"}],"version-history":[{"count":0,"href":"https:\/\/www.toque-musicall.com\/index.php?rest_route=\/wp\/v2\/posts\/1652\/revisions"}],"wp:attachment":[{"href":"https:\/\/www.toque-musicall.com\/index.php?rest_route=%2Fwp%2Fv2%2Fmedia&parent=1652"}],"wp:term":[{"taxonomy":"category","embeddable":true,"href":"https:\/\/www.toque-musicall.com\/index.php?rest_route=%2Fwp%2Fv2%2Fcategories&post=1652"},{"taxonomy":"post_tag","embeddable":true,"href":"https:\/\/www.toque-musicall.com\/index.php?rest_route=%2Fwp%2Fv2%2Ftags&post=1652"}],"curies":[{"name":"wp","href":"https:\/\/api.w.org\/{rel}","templated":true}]}}