{"id":1653,"date":"2008-05-17T22:55:00","date_gmt":"2008-05-17T22:55:00","guid":{"rendered":"http:\/\/www.toque-musicall.com\/?p=1653"},"modified":"2008-05-17T22:55:00","modified_gmt":"2008-05-17T22:55:00","slug":"paulo-marquez-doutor-em-samba-1959","status":"publish","type":"post","link":"https:\/\/www.toque-musicall.com\/?p=1653","title":{"rendered":"Paulo Marquez &#8211; Doutor Em Samba (1959)"},"content":{"rendered":"<div align=\"left\"><a href=\"http:\/\/1.bp.blogspot.com\/_DSKVEvHtskc\/SC9rqVuK3SI\/AAAAAAAABaM\/Ls4RGzqW5Sg\/s1600-h\/Paulo+Marques+-+Doutor+em+Samba+P.jpg\"><img decoding=\"async\" id=\"BLOGGER_PHOTO_ID_5201494469765684514\" style=\"DISPLAY: block; MARGIN: 0px auto 10px; CURSOR: hand; TEXT-ALIGN: center\" alt=\"\" src=\"http:\/\/1.bp.blogspot.com\/_DSKVEvHtskc\/SC9rqVuK3SI\/AAAAAAAABaM\/Ls4RGzqW5Sg\/s400\/Paulo+Marques+-+Doutor+em+Samba+P.jpg\" border=\"0\" \/><\/a> Aqui estou, ansiosamente esperado para trazer as novidades&#8230; E hoje, boas novas eu trago e espero que sejam in\u00e9ditas. Tenho aqui este disco que, para quem n\u00e3o conhece, vai ser um toque mais que musical, especial! Podem comentar&#8230;<\/div>\n<div align=\"left\">Paulo Marquez \u00e9 um nome pouco lembrado (ou pouco falado?). Mineiro de Uberaba, este cantor come\u00e7ou sua carreira no final da d\u00e9cada de 40 em sua cidade natal. Seu nome verdadeiro era Jos\u00e9 Marquez. Em Belo Horizonte, trabalhando na R\u00e1dio Guarani, adotou por sugest\u00e3o do radialista R\u00f4mulo Paes o nome de Paulo Marquez. Sai do Jos\u00e9 e ca\u00ed no Paulo, vai entender&#8230;? Seja como for, o cara acabou fazendo-se ouvir para al\u00e9m das montanhas de Minas. E como todo bom artista, acabou indo parar no Rio. Foi por l\u00e1, em 1956 que Paulo Marquez gravou seu primeiro disco, um bolach\u00e3o de 78. Em 1958 grava o primeiro lp pela Columbia &#8220;Orgia de Samba&#8221;, acompanhado pelo Regional do Canhoto. O disco foi muito bem recebido pelo p\u00fablico e pela cr\u00edtica. No ano seguinte gravou novamente pela Columbia este que foi o seu segundo e mais importante disco. N\u00e3o \u00e9 preciso dizer muito, basta ler na capa e j\u00e1 podemos ter id\u00e9ia do n\u00edvel deste trabalho. Composi\u00e7\u00f5es de Billy Blanco com arranjos e orquestra\u00e7\u00e3o de Radam\u00e9s Gnattali. <\/div>\n<div align=\"left\">\u00c0 prop\u00f3sito, na capa de apresenta\u00e7\u00e3o deste \u00e1lbum, coloquei a logomarca do TM apenas para cobrir o selo da loja, que algum infeliz fez o (des)favor de colar. Propaganda aqui, s\u00f3 se for cultural, musical e sem fins lucrativos. N\u00e9 n\u00e3o? \ud83d\ude42            <\/div>\n<div align=\"left\">                                                                     <\/div>\n<div align=\"left\"> .<\/div>\n<div align=\"center\">   samba de doutor<\/div>\n<div align=\"center\">obrigado excelencias<\/div>\n<div align=\"center\">camel\u00f4<\/div>\n<div align=\"center\">o amor \u00e9 cego<\/div>\n<div align=\"center\">minha vida com teresa<\/div>\n<div align=\"center\">coringa<\/div>\n<div align=\"center\">na janela do mundo<\/div>\n<div align=\"center\">fei\u00fara n\u00e3o \u00e9 nada<\/div>\n<div align=\"center\">viva meu samba<\/div>\n<div align=\"center\">estatuto de boite<\/div>\n<div align=\"center\">vaca de pres\u00e9pio<\/div>\n<div align=\"center\"><\/div>\n<div align=\"center\"><\/div>\n<div align=\"center\"><\/div>\n<div align=\"center\"><\/div>\n","protected":false},"excerpt":{"rendered":"<p>Aqui estou, ansiosamente esperado para trazer as novidades&#8230; E hoje, boas novas eu trago e espero que sejam in\u00e9ditas. Tenho aqui este disco que, para quem n\u00e3o conhece, vai ser um toque mais que musical, especial! Podem comentar&#8230; Paulo Marquez &hellip; <a href=\"https:\/\/www.toque-musicall.com\/?p=1653\">Continue lendo <span class=\"meta-nav\">&rarr;<\/span><\/a><\/p>\n","protected":false},"author":1,"featured_media":0,"comment_status":"open","ping_status":"closed","sticky":false,"template":"","format":"standard","meta":{"footnotes":""},"categories":[891],"tags":[],"class_list":["post-1653","post","type-post","status-publish","format-standard","hentry","category-paulo-marquez"],"_links":{"self":[{"href":"https:\/\/www.toque-musicall.com\/index.php?rest_route=\/wp\/v2\/posts\/1653","targetHints":{"allow":["GET"]}}],"collection":[{"href":"https:\/\/www.toque-musicall.com\/index.php?rest_route=\/wp\/v2\/posts"}],"about":[{"href":"https:\/\/www.toque-musicall.com\/index.php?rest_route=\/wp\/v2\/types\/post"}],"author":[{"embeddable":true,"href":"https:\/\/www.toque-musicall.com\/index.php?rest_route=\/wp\/v2\/users\/1"}],"replies":[{"embeddable":true,"href":"https:\/\/www.toque-musicall.com\/index.php?rest_route=%2Fwp%2Fv2%2Fcomments&post=1653"}],"version-history":[{"count":0,"href":"https:\/\/www.toque-musicall.com\/index.php?rest_route=\/wp\/v2\/posts\/1653\/revisions"}],"wp:attachment":[{"href":"https:\/\/www.toque-musicall.com\/index.php?rest_route=%2Fwp%2Fv2%2Fmedia&parent=1653"}],"wp:term":[{"taxonomy":"category","embeddable":true,"href":"https:\/\/www.toque-musicall.com\/index.php?rest_route=%2Fwp%2Fv2%2Fcategories&post=1653"},{"taxonomy":"post_tag","embeddable":true,"href":"https:\/\/www.toque-musicall.com\/index.php?rest_route=%2Fwp%2Fv2%2Ftags&post=1653"}],"curies":[{"name":"wp","href":"https:\/\/api.w.org\/{rel}","templated":true}]}}