{"id":1654,"date":"2008-05-17T01:22:00","date_gmt":"2008-05-17T01:22:00","guid":{"rendered":"http:\/\/www.toque-musicall.com\/?p=1654"},"modified":"2008-05-17T01:22:00","modified_gmt":"2008-05-17T01:22:00","slug":"i-festival-nacional-de-mpb-o-brasil-canta-no-rio-1968","status":"publish","type":"post","link":"https:\/\/www.toque-musicall.com\/?p=1654","title":{"rendered":"I Festival Nacional De MPB &#8211; O Brasil Canta No Rio (1968)"},"content":{"rendered":"<div align=\"left\"><a href=\"http:\/\/2.bp.blogspot.com\/_DSKVEvHtskc\/SC5A61uK3RI\/AAAAAAAABaE\/SPlPnkKrMzQ\/s1600-h\/1.+Festival+de+MPB+P.JPG\"><img decoding=\"async\" id=\"BLOGGER_PHOTO_ID_5201165999256821010\" style=\"DISPLAY: block; MARGIN: 0px auto 10px; CURSOR: hand; TEXT-ALIGN: center\" alt=\"\" src=\"http:\/\/2.bp.blogspot.com\/_DSKVEvHtskc\/SC5A61uK3RI\/AAAAAAAABaE\/SPlPnkKrMzQ\/s400\/1.+Festival+de+MPB+P.JPG\" border=\"0\" \/><\/a>Para que esta sexta-feira n\u00e3o fique com cara de que foi em v\u00e3o, resolvi incluir mais um \u00e1lbum, que tenho (quase) certeza de que ainda n\u00e3o foi publicado em nehum outro blog. Espero que os amigos apreciem e tamb\u00e9m comentem.<\/div>\n<div align=\"left\">Este \u00e9 \u00e1lbum oficial do I Festival Nacioanal de MPB &#8211; O Brasil canta no Rio &#8211; promovido pela TV Excelcior. Aqui est\u00e3o reunidas as m\u00fasicas que vieram a ser classificadas no festival, sendo &#8220;Modinha&#8221; de S\u00e9rgio Bittencourt a merecida vencedora. Esta m\u00fasica foi defendida pelo &#8216;papa-festivais&#8217; Taiguara e depois disso veio a ser gravada por outros in\u00fameros cantores da MPB, se tornando um cl\u00e1ssico desde ent\u00e3o. Vale mais do que nunca conferir esta bolacha.<\/div>\n<div align=\"left\">(esta eu pe\u00e7o que aguardem at\u00e9 amanh\u00e3, quando j\u00e1 ter\u00e1 sa\u00eddo do forno, ok?)<\/div>\n<p><\/p>\n<div align=\"center\">voc\u00ea passa eu acho gra\u00e7a &#8211; clara nunes<\/div>\n<div align=\"center\">ultimatum &#8211; marcos valle e anamaria valle<\/div>\n<div align=\"center\">a vez e a voz da paz &#8211; taiguara<\/div>\n<div align=\"center\">presente de m\u00e3e d&#8217;agua &#8211; maria creuza<\/div>\n<div align=\"center\">capoeira &#8211; jo\u00e3o dias<\/div>\n<div align=\"center\">reza praiana &#8211; mary lauria e o grupo de ensaio<\/div>\n<div align=\"center\">modinha &#8211; taiguara<\/div>\n<div align=\"center\">berenice &#8211; beth carvalho<\/div>\n<div align=\"center\">bloco do eu sozinho &#8211; marcos valle<\/div>\n<div align=\"center\">salina &#8211; mary lauria e o grupo de ensaio<\/div>\n<div align=\"center\">dia de alegria &#8211; pedrinho rodrigues<\/div>\n<div align=\"center\">lema &#8211; mauro marcelo<\/div>\n<div align=\"center\"><\/div>\n<div align=\"center\"><\/div>\n<div align=\"center\"> <\/div>\n","protected":false},"excerpt":{"rendered":"<p>Para que esta sexta-feira n\u00e3o fique com cara de que foi em v\u00e3o, resolvi incluir mais um \u00e1lbum, que tenho (quase) certeza de que ainda n\u00e3o foi publicado em nehum outro blog. Espero que os amigos apreciem e tamb\u00e9m comentem. &hellip; <a href=\"https:\/\/www.toque-musicall.com\/?p=1654\">Continue lendo <span class=\"meta-nav\">&rarr;<\/span><\/a><\/p>\n","protected":false},"author":1,"featured_media":0,"comment_status":"open","ping_status":"closed","sticky":false,"template":"","format":"standard","meta":{"footnotes":""},"categories":[278,1739,1303],"tags":[],"class_list":["post-1654","post","type-post","status-publish","format-standard","hentry","category-festivais","category-i-festival-nacional-de-mpb-o-brasil-canta-no-rio","category-variados"],"_links":{"self":[{"href":"https:\/\/www.toque-musicall.com\/index.php?rest_route=\/wp\/v2\/posts\/1654","targetHints":{"allow":["GET"]}}],"collection":[{"href":"https:\/\/www.toque-musicall.com\/index.php?rest_route=\/wp\/v2\/posts"}],"about":[{"href":"https:\/\/www.toque-musicall.com\/index.php?rest_route=\/wp\/v2\/types\/post"}],"author":[{"embeddable":true,"href":"https:\/\/www.toque-musicall.com\/index.php?rest_route=\/wp\/v2\/users\/1"}],"replies":[{"embeddable":true,"href":"https:\/\/www.toque-musicall.com\/index.php?rest_route=%2Fwp%2Fv2%2Fcomments&post=1654"}],"version-history":[{"count":0,"href":"https:\/\/www.toque-musicall.com\/index.php?rest_route=\/wp\/v2\/posts\/1654\/revisions"}],"wp:attachment":[{"href":"https:\/\/www.toque-musicall.com\/index.php?rest_route=%2Fwp%2Fv2%2Fmedia&parent=1654"}],"wp:term":[{"taxonomy":"category","embeddable":true,"href":"https:\/\/www.toque-musicall.com\/index.php?rest_route=%2Fwp%2Fv2%2Fcategories&post=1654"},{"taxonomy":"post_tag","embeddable":true,"href":"https:\/\/www.toque-musicall.com\/index.php?rest_route=%2Fwp%2Fv2%2Ftags&post=1654"}],"curies":[{"name":"wp","href":"https:\/\/api.w.org\/{rel}","templated":true}]}}