{"id":166,"date":"2012-02-02T10:50:00","date_gmt":"2012-02-02T10:50:00","guid":{"rendered":"http:\/\/www.toque-musicall.com\/?p=166"},"modified":"2012-02-02T10:50:00","modified_gmt":"2012-02-02T10:50:00","slug":"manoelzinho-aboiador-aboio-de-um-vaqueiro-1976","status":"publish","type":"post","link":"https:\/\/www.toque-musicall.com\/?p=166","title":{"rendered":"Manoelzinho Aboiador &#8211; Aboio De Um Vaqueiro (1976)"},"content":{"rendered":"<p><a href=\"http:\/\/1.bp.blogspot.com\/-NetJ31ufb2Y\/Typq-mjaTTI\/AAAAAAAAA8k\/nKvvD4mJCLg\/s1600\/capa+P.JPG\"><img decoding=\"async\" style=\"display:block; margin:0px auto 10px; text-align:center;cursor:pointer; cursor:hand;width: 399px; height: 400px;\" src=\"http:\/\/1.bp.blogspot.com\/-NetJ31ufb2Y\/Typq-mjaTTI\/AAAAAAAAA8k\/nKvvD4mJCLg\/s400\/capa+P.JPG\" border=\"0\" alt=\"\" id=\"BLOGGER_PHOTO_ID_5704489501751659826\" \/><\/a><a href=\"http:\/\/2.bp.blogspot.com\/-h7pWwUnsdGM\/Typq6cVEAuI\/AAAAAAAAA8Y\/3TA5EBuwyXY\/s1600\/contracapa+P.JPG\"><img decoding=\"async\" style=\"display:block; margin:0px auto 10px; text-align:center;cursor:pointer; cursor:hand;width: 400px; height: 391px;\" src=\"http:\/\/2.bp.blogspot.com\/-h7pWwUnsdGM\/Typq6cVEAuI\/AAAAAAAAA8Y\/3TA5EBuwyXY\/s400\/contracapa+P.JPG\" border=\"0\" alt=\"\" id=\"BLOGGER_PHOTO_ID_5704489430287647458\" \/><\/a>Bom noite a todos! Como at\u00e9 ent\u00e3o ningu\u00e9m se manifestou diante \u00e0s duas \u00faltimas postagens, acredito eu que voc\u00eas n\u00e3o estejam gostando. Vamos ent\u00e3o tentar um outro estilo, um outro tipo de disco ou m\u00fasica. Para reunir a boiada, nada melhor que um vaqueiro nordestino com seu aboio. <\/p>\n<div>Temos ent\u00e3o o Manoelzinho Aboiador, um aut\u00eantico vaqueiro, mestre na arte do aboio, numa demonstra\u00e7\u00e3o deste singular e ex\u00f3tico canto. Participam do disco tamb\u00e9m Nouzinho do Xaxado e Sua Gente.<\/div>\n<div><span    style=\"font-family:georgia;font-size:100%;color:#cccccc;\"><i><span style=\"border-collapse: collapse; line-height: 19px; \">O aboio t\u00edpico no Nordeste do Brasil \u00e9 um canto sem palavras, entoado pelos vaqueiros quando conduzem o gado para os currais ou no trabalho de guiar a boiada para a pastagem. <\/span><span style=\"border-collapse: collapse; line-height: 19px; \">\u00c9 um canto ou toada um tanto dolente, uma melodia lenta, bem adaptada ao andar vagaroso dos animais, finalizado sempre por uma frase de incitamento \u00e0 boiada: ei boi! boi surubim!, ei l\u00e1, boizinho! <\/span><span style=\"border-collapse: collapse; line-height: 19px; \">Esteja atr\u00e1s (no coice) ou adiante da boiada (na guia) o vaqueiro sugestiona o gado que segue, tranq\u00fcilo, ouvindo o canto. <\/span><span style=\"border-collapse: collapse; line-height: 19px; \">No sert\u00e3o do Brasil \u00e9 sempre um canto individual, entoado livremente, sem letras, frases ou versos a n\u00e3o ser o incitamento final que \u00e9 falado e n\u00e3o cantado. Os que se destacam na sua execu\u00e7\u00e3o s\u00e3o apontados como bons no aboio. <\/span><span style=\"border-collapse: collapse; line-height: 19px; \">Existe tamb\u00e9m o aboio cantado ou aboio em versos que s\u00e3o poemas de temas agropastoris, de origem moura e que chegou ao Brasil, possivelmente, atrav\u00e9s dos escravos mouros da ilha da Madeira, em Portugal, pa\u00eds onde existe esse tipo de aboio. <\/span><span style=\"border-collapse: collapse; line-height: 19px; \">Segundo Lu\u00eds da C\u00e2mara Cascudo, o voc\u00e1bulo aboio \u00e9 de origem brasileira, sendo levado para Portugal, uma vez que l\u00e1 aboio significava p\u00f4r uma b\u00f3ia em alguma coisa. <\/span><span style=\"border-collapse: collapse; line-height: 19px; \">O aboio n\u00e3o \u00e9 divertimento \u00e9 uma coisa s\u00e9ria, muito antiga e respeitada pelo homem do sert\u00e3o. <\/span><span style=\"border-collapse: collapse; line-height: 19px; \">Pode aboiar-se no mato, para orientar os companheiros dispersos durante as pegas de gado, sentado na porteira do curral olhando o gado entrar e guiando a boiada nas estradas. Serve para o gado solto no campo, assim como para o gado curraleiro e at\u00e9 para as vacas de leite, mas em menor escala, porque nesse caso n\u00e3o \u00e9 executado por um vaqueiro que se preze e tenha vergonha nas ventas. <\/span><span style=\"border-collapse: collapse; line-height: 19px; \">O escritor Jos\u00e9 de Alencar, no seu livro O sertanejo, diz do ritual do aboio: N\u00e3o se distinguem palavras na can\u00e7\u00e3o do boiadeiro; nem ele as articula, pois fala do seu gado, com essa linguagem do cora\u00e7\u00e3o que enternece os animais e os cativa.<\/span><\/i><\/span><\/div>\n<div><span    style=\"font-family:arial;font-size:78%;color:#ffffff;\"><span style=\"border-collapse: collapse; line-height: 19px; \">Texto de <\/span><span style=\"border-collapse: collapse; line-height: 19px; \"><strong>L\u00facia Gaspar<\/strong><\/span><\/span><\/div>\n<div><\/div>\n<div style=\"text-align: center;\">abertura<\/div>\n<div style=\"text-align: center;\">asa branca<\/div>\n<div style=\"text-align: center;\">a s\u00eaca do cariri<\/div>\n<div style=\"text-align: center;\">sentimentos de vaqueiro (aboio levando o gado)<\/div>\n<div style=\"text-align: center;\">retrato do vaqueiro<\/div>\n<div style=\"text-align: center;\">tesouro do meu sert\u00e3o<\/div>\n<div style=\"text-align: center;\">fazenda tingui (aboio em dueto)<\/div>\n<div style=\"text-align: center;\">cora\u00e7\u00e3o de vaqueiro<\/div>\n<div style=\"text-align: center;\">quando h\u00e1 s\u00eaca no sert\u00e3o<\/div>\n<div style=\"text-align: center;\">conversando com o vaqueiro<\/div>\n<div style=\"text-align: center;\">boiadeiro<\/div>\n<div><\/div>\n<div><\/div>\n","protected":false},"excerpt":{"rendered":"<p>Bom noite a todos! Como at\u00e9 ent\u00e3o ningu\u00e9m se manifestou diante \u00e0s duas \u00faltimas postagens, acredito eu que voc\u00eas n\u00e3o estejam gostando. Vamos ent\u00e3o tentar um outro estilo, um outro tipo de disco ou m\u00fasica. Para reunir a boiada, nada &hellip; <a href=\"https:\/\/www.toque-musicall.com\/?p=166\">Continue lendo <span class=\"meta-nav\">&rarr;<\/span><\/a><\/p>\n","protected":false},"author":1,"featured_media":0,"comment_status":"open","ping_status":"closed","sticky":false,"template":"","format":"standard","meta":{"footnotes":""},"categories":[311,312],"tags":[],"class_list":["post-166","post","type-post","status-publish","format-standard","hentry","category-manoelzinho-aboiador","category-selo-passarela"],"_links":{"self":[{"href":"https:\/\/www.toque-musicall.com\/index.php?rest_route=\/wp\/v2\/posts\/166","targetHints":{"allow":["GET"]}}],"collection":[{"href":"https:\/\/www.toque-musicall.com\/index.php?rest_route=\/wp\/v2\/posts"}],"about":[{"href":"https:\/\/www.toque-musicall.com\/index.php?rest_route=\/wp\/v2\/types\/post"}],"author":[{"embeddable":true,"href":"https:\/\/www.toque-musicall.com\/index.php?rest_route=\/wp\/v2\/users\/1"}],"replies":[{"embeddable":true,"href":"https:\/\/www.toque-musicall.com\/index.php?rest_route=%2Fwp%2Fv2%2Fcomments&post=166"}],"version-history":[{"count":0,"href":"https:\/\/www.toque-musicall.com\/index.php?rest_route=\/wp\/v2\/posts\/166\/revisions"}],"wp:attachment":[{"href":"https:\/\/www.toque-musicall.com\/index.php?rest_route=%2Fwp%2Fv2%2Fmedia&parent=166"}],"wp:term":[{"taxonomy":"category","embeddable":true,"href":"https:\/\/www.toque-musicall.com\/index.php?rest_route=%2Fwp%2Fv2%2Fcategories&post=166"},{"taxonomy":"post_tag","embeddable":true,"href":"https:\/\/www.toque-musicall.com\/index.php?rest_route=%2Fwp%2Fv2%2Ftags&post=166"}],"curies":[{"name":"wp","href":"https:\/\/api.w.org\/{rel}","templated":true}]}}