{"id":1660,"date":"2008-05-13T14:11:00","date_gmt":"2008-05-13T14:11:00","guid":{"rendered":"http:\/\/www.toque-musicall.com\/?p=1660"},"modified":"2008-05-13T14:11:00","modified_gmt":"2008-05-13T14:11:00","slug":"simonetti-bossa-1964","status":"publish","type":"post","link":"https:\/\/www.toque-musicall.com\/?p=1660","title":{"rendered":"Simonetti &#8211; Bossa (1964)"},"content":{"rendered":"<div align=\"left\"><a href=\"http:\/\/1.bp.blogspot.com\/_DSKVEvHtskc\/SCo5wluK3LI\/AAAAAAAABZU\/5Igic6AcbhU\/s1600-h\/Simonetti+-+Bossa+P.JPG\"><img decoding=\"async\" id=\"BLOGGER_PHOTO_ID_5200032226674924722\" style=\"DISPLAY: block; MARGIN: 0px auto 10px; CURSOR: hand; TEXT-ALIGN: center\" alt=\"\" src=\"http:\/\/1.bp.blogspot.com\/_DSKVEvHtskc\/SCo5wluK3LI\/AAAAAAAABZU\/5Igic6AcbhU\/s400\/Simonetti+-+Bossa+P.JPG\" border=\"0\" \/><\/a>N\u00e3o sei exatamente o porqu\u00ea deste disco se charmar &#8220;Simonetti &#8211; Bossa&#8221;. Certo \u00e9 que se trata de um disco de Bossa Nova. Certa tamb\u00e9m a presen\u00e7a de Simonetti, maestro italiano que viveu um per\u00edodo aqui no Brasil, trabalhando em trilhas para o cinema nacional, etc&#8230; Digo isso, porque e curiosamente, este disco tamb\u00e9m se chama &#8220;Vagamente&#8221; e dele tamb\u00e9m participam Ely Arcoverde, organista famoso nos anos 60 e Manfredo Fest, outro importante pianista e compositor da \u00e9poca. N\u00e3o se trata de um trabalho coletivo, eles apenas dividem as faixas do \u00e1lbum. Este lp saiu pelo obscuro selo paranaense Atila. Um aut\u00eantico 3 em 1. \u00c9 considerado uma preciosidade rara e super disputado por colecionadores, no Jap\u00e3o e Am\u00e9rica. Seu valor no mercado, para um vinil em bom estado, \u00e9 na faixa de 300 d\u00f3lares! (a\u00ed Edu, segura o seu!)<\/div>\n<p><\/p>\n<div align=\"center\">vagamente &#8211; ely arcoverde &#038; seu conunto<\/div>\n<div align=\"center\">mulata assanhada &#8211; simonetti &#038; sua orquestra<\/div>\n<div align=\"center\">minha saudade &#8211; manfredo fest &#038; seu conjunto<\/div>\n<div align=\"center\">saudades da bahia &#8211; simonetti &#038; sua orquestra<\/div>\n<div align=\"center\">batida diferente &#8211; manfredo fest &#038; seu conjunto<\/div>\n<div align=\"center\">bolinha de sab\u00e3o &#8211; ely arcoverde &#038; seu conjunto<\/div>\n<div align=\"center\">ela \u00e9 carioca &#8211; ely arcoverde &#038; seu conjunto<\/div>\n<div align=\"center\">bossa na praia &#8211; manfredofest &#038; seu conjunto<\/div>\n<div align=\"center\">favela &#8211; simonetti &#038; sua orquestra<\/div>\n<div align=\"center\">bossa no choro &#8211; manfredo fest &#038; seu conjunto<\/div>\n<div align=\"center\">fita amarela &#8211; simonetti e sua orqustra<\/div>\n<div align=\"center\">mais que nada &#8211; ely arcoverde<\/div>\n<div align=\"center\"><\/div>\n<div align=\"center\"><\/div>\n<div align=\"center\"> <\/div>\n<div align=\"center\"> <\/div>\n","protected":false},"excerpt":{"rendered":"<p>N\u00e3o sei exatamente o porqu\u00ea deste disco se charmar &#8220;Simonetti &#8211; Bossa&#8221;. Certo \u00e9 que se trata de um disco de Bossa Nova. Certa tamb\u00e9m a presen\u00e7a de Simonetti, maestro italiano que viveu um per\u00edodo aqui no Brasil, trabalhando em &hellip; <a href=\"https:\/\/www.toque-musicall.com\/?p=1660\">Continue lendo <span class=\"meta-nav\">&rarr;<\/span><\/a><\/p>\n","protected":false},"author":1,"featured_media":0,"comment_status":"open","ping_status":"closed","sticky":false,"template":"","format":"standard","meta":{"footnotes":""},"categories":[1742,838,640],"tags":[],"class_list":["post-1660","post","type-post","status-publish","format-standard","hentry","category-ely-arcoverde","category-manfredo-fest","category-simonetti"],"_links":{"self":[{"href":"https:\/\/www.toque-musicall.com\/index.php?rest_route=\/wp\/v2\/posts\/1660","targetHints":{"allow":["GET"]}}],"collection":[{"href":"https:\/\/www.toque-musicall.com\/index.php?rest_route=\/wp\/v2\/posts"}],"about":[{"href":"https:\/\/www.toque-musicall.com\/index.php?rest_route=\/wp\/v2\/types\/post"}],"author":[{"embeddable":true,"href":"https:\/\/www.toque-musicall.com\/index.php?rest_route=\/wp\/v2\/users\/1"}],"replies":[{"embeddable":true,"href":"https:\/\/www.toque-musicall.com\/index.php?rest_route=%2Fwp%2Fv2%2Fcomments&post=1660"}],"version-history":[{"count":0,"href":"https:\/\/www.toque-musicall.com\/index.php?rest_route=\/wp\/v2\/posts\/1660\/revisions"}],"wp:attachment":[{"href":"https:\/\/www.toque-musicall.com\/index.php?rest_route=%2Fwp%2Fv2%2Fmedia&parent=1660"}],"wp:term":[{"taxonomy":"category","embeddable":true,"href":"https:\/\/www.toque-musicall.com\/index.php?rest_route=%2Fwp%2Fv2%2Fcategories&post=1660"},{"taxonomy":"post_tag","embeddable":true,"href":"https:\/\/www.toque-musicall.com\/index.php?rest_route=%2Fwp%2Fv2%2Ftags&post=1660"}],"curies":[{"name":"wp","href":"https:\/\/api.w.org\/{rel}","templated":true}]}}