{"id":1662,"date":"2008-05-13T02:11:00","date_gmt":"2008-05-13T02:11:00","guid":{"rendered":"http:\/\/www.toque-musicall.com\/?p=1662"},"modified":"2008-05-13T02:11:00","modified_gmt":"2008-05-13T02:11:00","slug":"samba-nova-concepcao-1964","status":"publish","type":"post","link":"https:\/\/www.toque-musicall.com\/?p=1662","title":{"rendered":"Samba &#8211; Nova Concep\u00e7\u00e3o (1964)"},"content":{"rendered":"<div align=\"left\"><a href=\"http:\/\/1.bp.blogspot.com\/_DSKVEvHtskc\/SCkEj1uK3JI\/AAAAAAAABZE\/Vs0UbX3XvWU\/s1600-h\/samba+nova+P.JPG\"><img decoding=\"async\" id=\"BLOGGER_PHOTO_ID_5199692258538609810\" style=\"DISPLAY: block; MARGIN: 0px auto 10px; CURSOR: hand; TEXT-ALIGN: center\" alt=\"\" src=\"http:\/\/1.bp.blogspot.com\/_DSKVEvHtskc\/SCkEj1uK3JI\/AAAAAAAABZE\/Vs0UbX3XvWU\/s400\/samba+nova+P.JPG\" border=\"0\" \/><\/a>Antes que este dia vire outro, deixa eu postar o disco da vez.<br \/>Lan\u00e7ado originalmente em 1964, este disco re\u00fane um grupo de \u2018feras\u2019 que fazem de \u201cSamba &#8211; Nova Concep\u00e7\u00e3o\u201d um \u00e1lbum sem igual. Muitos atribuem este trabalho \u00e0 Eumir Deodato e erroneamente aos Catedr\u00e1ticos do Samba. Muitos se ap\u00f3iam no fato deste \u00e1lbum ter sido relan\u00e7ado em cd junto \u00e0 discografia de Eumir. Acho um tanto injusta essa afirma\u00e7\u00e3o, considerando que na quinta e sexta faixa do lado B, Eumir Deodato deu lugar ao jovem Ten\u00f3rio Jr. Al\u00e9m do qu\u00ea, quem mais se envolveu no projeto foi Daudeth de Azevedo (o N\u00e9co), violonista que cuidou de todos os arranjos e orientou os demais m\u00fasicos durante as grava\u00e7\u00f5es. Este trabalho foi lan\u00e7ado, como diz no pr\u00f3prio texto de Myriam Concei\u00e7\u00e3o na contracapa, sem pretens\u00f5es comerciais ou o intuito de projetar este ou aquele artista no cen\u00e1rio musical brasileiro. \u00c9 acima de tudo um disco de gente grande, uma reuni\u00e3o de excelentes m\u00fasicos, fazendo o que gostam, m\u00fasica de qualidade.<br \/>Se voc\u00ea ainda n\u00e3o ouviu ou ouviu por outras fontes, escute aqui a vers\u00e3o vinil. Extraia do sulco este som!<\/div>\n<p><\/p>\n<div align=\"center\">Samba Do Congo (Jorge Ferreira Da Silva) <\/div>\n<div align=\"center\">Adriana (Roberto Menescal-Luiz Fernando Freire) <\/div>\n<div align=\"center\">Estamos A\u00ed (Durval Ferreira-Mauricio Einhorn) <\/div>\n<div align=\"center\">Carnaval Triste (Sergio Carvalho-Paulo Bruce)<\/div>\n<div align=\"center\">Nan\u00e3 (Maocir Santos-Mario Telles)<\/div>\n<div align=\"center\">Straits Of McCleallan (Don Elliot)<\/div>\n<div align=\"center\">Capoeira (Jorge Ben)<\/div>\n<div align=\"center\">Sonho De Mar\u00eda (Marcos Valle-Paulo Sergio Valle)<\/div>\n<div align=\"center\">Samba A (Durval Ferreira-Mauricio Einhorn)<\/div>\n<div align=\"center\">Amor De Nada (Marcos Valle-Paulo Sergio Valle)<\/div>\n<div align=\"center\">Coisa N\u00ba 1 (Moacir Santos-Cl\u00f3vis Mello)<\/div>\n<div align=\"center\">A Morte De Um Deus De Sal (Roberto Menescal-Ronaldo B\u00f3scoli)<\/div>\n<div align=\"center\"><\/div>\n<div align=\"center\"><\/div>\n<div align=\"center\"> <\/div>\n","protected":false},"excerpt":{"rendered":"<p>Antes que este dia vire outro, deixa eu postar o disco da vez.Lan\u00e7ado originalmente em 1964, este disco re\u00fane um grupo de \u2018feras\u2019 que fazem de \u201cSamba &#8211; Nova Concep\u00e7\u00e3o\u201d um \u00e1lbum sem igual. Muitos atribuem este trabalho \u00e0 Eumir &hellip; <a href=\"https:\/\/www.toque-musicall.com\/?p=1662\">Continue lendo <span class=\"meta-nav\">&rarr;<\/span><\/a><\/p>\n","protected":false},"author":1,"featured_media":0,"comment_status":"open","ping_status":"closed","sticky":false,"template":"","format":"standard","meta":{"footnotes":""},"categories":[1745,1071,1744,1743],"tags":[],"class_list":["post-1662","post","type-post","status-publish","format-standard","hentry","category-daudeth-de-azevedo-neco","category-eumir-deodato","category-samba-nova-concepcao","category-tenorio-jr"],"_links":{"self":[{"href":"https:\/\/www.toque-musicall.com\/index.php?rest_route=\/wp\/v2\/posts\/1662","targetHints":{"allow":["GET"]}}],"collection":[{"href":"https:\/\/www.toque-musicall.com\/index.php?rest_route=\/wp\/v2\/posts"}],"about":[{"href":"https:\/\/www.toque-musicall.com\/index.php?rest_route=\/wp\/v2\/types\/post"}],"author":[{"embeddable":true,"href":"https:\/\/www.toque-musicall.com\/index.php?rest_route=\/wp\/v2\/users\/1"}],"replies":[{"embeddable":true,"href":"https:\/\/www.toque-musicall.com\/index.php?rest_route=%2Fwp%2Fv2%2Fcomments&post=1662"}],"version-history":[{"count":0,"href":"https:\/\/www.toque-musicall.com\/index.php?rest_route=\/wp\/v2\/posts\/1662\/revisions"}],"wp:attachment":[{"href":"https:\/\/www.toque-musicall.com\/index.php?rest_route=%2Fwp%2Fv2%2Fmedia&parent=1662"}],"wp:term":[{"taxonomy":"category","embeddable":true,"href":"https:\/\/www.toque-musicall.com\/index.php?rest_route=%2Fwp%2Fv2%2Fcategories&post=1662"},{"taxonomy":"post_tag","embeddable":true,"href":"https:\/\/www.toque-musicall.com\/index.php?rest_route=%2Fwp%2Fv2%2Ftags&post=1662"}],"curies":[{"name":"wp","href":"https:\/\/api.w.org\/{rel}","templated":true}]}}