{"id":1666,"date":"2008-05-09T23:38:00","date_gmt":"2008-05-09T23:38:00","guid":{"rendered":"http:\/\/www.toque-musicall.com\/?p=1666"},"modified":"2008-05-09T23:38:00","modified_gmt":"2008-05-09T23:38:00","slug":"carmen-miranda-a-nossa-carmem-miranda-1965","status":"publish","type":"post","link":"https:\/\/www.toque-musicall.com\/?p=1666","title":{"rendered":"Carmen Miranda &#8211; A Nossa Carmem Miranda (1965)"},"content":{"rendered":"<div align=\"left\"><a href=\"http:\/\/2.bp.blogspot.com\/_DSKVEvHtskc\/SCUHaYf5snI\/AAAAAAAABYc\/QV49a9gmqi0\/s1600-h\/Carmem+Miranda+1965+P.JPG\"><img decoding=\"async\" style=\"TEXT-ALIGN: center; MARGIN: 0px auto 10px; DISPLAY: block; CURSOR: hand\" id=\"BLOGGER_PHOTO_ID_5198569494703354482\" border=\"0\" alt=\"\" src=\"http:\/\/2.bp.blogspot.com\/_DSKVEvHtskc\/SCUHaYf5snI\/AAAAAAAABYc\/QV49a9gmqi0\/s400\/Carmem+Miranda+1965+P.JPG\" \/><\/a> Volto agora para o segundo tempo da noite. Desta vez com a pr\u00f3pria estrela, a nossa Carmen Miranda. Neste lp lan\u00e7ado em 1965, temos uma colet\u00e2nea de grava\u00e7\u00f5es originais de 1935 \u00e0 1941. Praticamente, temos aqui condensados os seus melhores momentos no Brasil. Este \u00e9 mais um disc\u00e3o que eu recomendo&#8230;<\/div>\n<div align=\"center\"><\/div>\n<div align=\"center\">adeus batucada<\/div>\n<div align=\"center\">recenseamento<\/div>\n<div align=\"center\">escrevi um bilhetinho<\/div>\n<div align=\"center\">cabaret no morro<\/div>\n<div align=\"center\">minha terra tem palmeiras<\/div>\n<div align=\"center\">o samba e o tango<\/div>\n<div align=\"center\">voltei pro morro<\/div>\n<div align=\"center\">uva de caminh\u00e3o<\/div>\n<div align=\"center\">casaquinho de tricot<\/div>\n<div align=\"center\">quando eu penso na bahia (com Silvio Caldas)<\/div>\n<div align=\"center\">polichinelo<\/div>\n<div align=\"center\">imperador do samba<\/div>\n<div align=\"center\"><\/div>\n<div align=\"center\"><\/div>\n<div align=\"center\"><\/div>\n","protected":false},"excerpt":{"rendered":"<p>Volto agora para o segundo tempo da noite. Desta vez com a pr\u00f3pria estrela, a nossa Carmen Miranda. Neste lp lan\u00e7ado em 1965, temos uma colet\u00e2nea de grava\u00e7\u00f5es originais de 1935 \u00e0 1941. Praticamente, temos aqui condensados os seus melhores &hellip; <a href=\"https:\/\/www.toque-musicall.com\/?p=1666\">Continue lendo <span class=\"meta-nav\">&rarr;<\/span><\/a><\/p>\n","protected":false},"author":1,"featured_media":0,"comment_status":"open","ping_status":"closed","sticky":false,"template":"","format":"standard","meta":{"footnotes":""},"categories":[816],"tags":[],"class_list":["post-1666","post","type-post","status-publish","format-standard","hentry","category-carmen-miranda"],"_links":{"self":[{"href":"https:\/\/www.toque-musicall.com\/index.php?rest_route=\/wp\/v2\/posts\/1666","targetHints":{"allow":["GET"]}}],"collection":[{"href":"https:\/\/www.toque-musicall.com\/index.php?rest_route=\/wp\/v2\/posts"}],"about":[{"href":"https:\/\/www.toque-musicall.com\/index.php?rest_route=\/wp\/v2\/types\/post"}],"author":[{"embeddable":true,"href":"https:\/\/www.toque-musicall.com\/index.php?rest_route=\/wp\/v2\/users\/1"}],"replies":[{"embeddable":true,"href":"https:\/\/www.toque-musicall.com\/index.php?rest_route=%2Fwp%2Fv2%2Fcomments&post=1666"}],"version-history":[{"count":0,"href":"https:\/\/www.toque-musicall.com\/index.php?rest_route=\/wp\/v2\/posts\/1666\/revisions"}],"wp:attachment":[{"href":"https:\/\/www.toque-musicall.com\/index.php?rest_route=%2Fwp%2Fv2%2Fmedia&parent=1666"}],"wp:term":[{"taxonomy":"category","embeddable":true,"href":"https:\/\/www.toque-musicall.com\/index.php?rest_route=%2Fwp%2Fv2%2Fcategories&post=1666"},{"taxonomy":"post_tag","embeddable":true,"href":"https:\/\/www.toque-musicall.com\/index.php?rest_route=%2Fwp%2Fv2%2Ftags&post=1666"}],"curies":[{"name":"wp","href":"https:\/\/api.w.org\/{rel}","templated":true}]}}