{"id":1678,"date":"2008-05-04T00:50:00","date_gmt":"2008-05-04T00:50:00","guid":{"rendered":"http:\/\/www.toque-musicall.com\/?p=1678"},"modified":"2008-05-04T00:50:00","modified_gmt":"2008-05-04T00:50:00","slug":"solistas-populares-1957","status":"publish","type":"post","link":"https:\/\/www.toque-musicall.com\/?p=1678","title":{"rendered":"Solistas Populares (1957)"},"content":{"rendered":"<div align=\"left\"><a href=\"http:\/\/4.bp.blogspot.com\/_DSKVEvHtskc\/SB0JX_zNDbI\/AAAAAAAABW0\/RZsisgnpdT4\/s1600-h\/Solistas+Populares+P.JPG\"><img decoding=\"async\" style=\"TEXT-ALIGN: center; MARGIN: 0px auto 10px; DISPLAY: block; CURSOR: hand\" id=\"BLOGGER_PHOTO_ID_5196319852923260338\" border=\"0\" alt=\"\" src=\"http:\/\/4.bp.blogspot.com\/_DSKVEvHtskc\/SB0JX_zNDbI\/AAAAAAAABW0\/RZsisgnpdT4\/s400\/Solistas+Populares+P.JPG\" \/><\/a> Na dobradinha da noite, aqui vai mais um disquinho bacana. Uma sele\u00e7\u00e3o da Odeon para seus artistas instrumentistas. Uma pequena colet\u00e2nea para ado\u00e7ar a boca, lan\u00e7ada possivelmente em 1957. Fazem parte deste lp os seguintes artistas e m\u00fasicas na ordem das faixas:<\/div>\n<div align=\"center\"><\/div>\n<div align=\"center\"><\/div>\n<div align=\"center\">Carolina Cardoso de Menezes (piano) &#8211; uma farra em campo grande<\/div>\n<div align=\"center\">Roberto Ferri (solovox) &#8211; ho!<\/div>\n<div align=\"center\">M\u00e1rio Gennari Filho (acordeon) &#8211; ba\u00eda com h<\/div>\n<div align=\"center\">Portinho (sax alto) &#8211; folhas soltas<\/div>\n<div align=\"center\">Garoto (banjo) &#8211; polquinha sapeca<\/div>\n<div align=\"center\">Raul de Barros (trombone) &#8211; amanhecendo<\/div>\n<div align=\"center\">Garoto (guitarra) &#8211; choro triste<\/div>\n<div align=\"center\">Aim\u00ea Vereck (ocarina) &#8211; maquininha<\/div>\n<div align=\"center\"><\/div>\n<div align=\"center\"><\/div>\n<div align=\"center\"><\/div>\n<div align=\"center\"><\/div>\n","protected":false},"excerpt":{"rendered":"<p>Na dobradinha da noite, aqui vai mais um disquinho bacana. Uma sele\u00e7\u00e3o da Odeon para seus artistas instrumentistas. Uma pequena colet\u00e2nea para ado\u00e7ar a boca, lan\u00e7ada possivelmente em 1957. Fazem parte deste lp os seguintes artistas e m\u00fasicas na ordem &hellip; <a href=\"https:\/\/www.toque-musicall.com\/?p=1678\">Continue lendo <span class=\"meta-nav\">&rarr;<\/span><\/a><\/p>\n","protected":false},"author":1,"featured_media":0,"comment_status":"open","ping_status":"closed","sticky":false,"template":"","format":"standard","meta":{"footnotes":""},"categories":[1231,8,142,1734,448,219,350,1749,1303],"tags":[],"class_list":["post-1678","post","type-post","status-publish","format-standard","hentry","category-aime-vereck","category-carolina-cardoso-de-menezes","category-garoto","category-mario-gennari-filho","category-portinho","category-raul-de-barros","category-roberto-ferri","category-solistas-populares","category-variados"],"_links":{"self":[{"href":"https:\/\/www.toque-musicall.com\/index.php?rest_route=\/wp\/v2\/posts\/1678","targetHints":{"allow":["GET"]}}],"collection":[{"href":"https:\/\/www.toque-musicall.com\/index.php?rest_route=\/wp\/v2\/posts"}],"about":[{"href":"https:\/\/www.toque-musicall.com\/index.php?rest_route=\/wp\/v2\/types\/post"}],"author":[{"embeddable":true,"href":"https:\/\/www.toque-musicall.com\/index.php?rest_route=\/wp\/v2\/users\/1"}],"replies":[{"embeddable":true,"href":"https:\/\/www.toque-musicall.com\/index.php?rest_route=%2Fwp%2Fv2%2Fcomments&post=1678"}],"version-history":[{"count":0,"href":"https:\/\/www.toque-musicall.com\/index.php?rest_route=\/wp\/v2\/posts\/1678\/revisions"}],"wp:attachment":[{"href":"https:\/\/www.toque-musicall.com\/index.php?rest_route=%2Fwp%2Fv2%2Fmedia&parent=1678"}],"wp:term":[{"taxonomy":"category","embeddable":true,"href":"https:\/\/www.toque-musicall.com\/index.php?rest_route=%2Fwp%2Fv2%2Fcategories&post=1678"},{"taxonomy":"post_tag","embeddable":true,"href":"https:\/\/www.toque-musicall.com\/index.php?rest_route=%2Fwp%2Fv2%2Ftags&post=1678"}],"curies":[{"name":"wp","href":"https:\/\/api.w.org\/{rel}","templated":true}]}}