{"id":1679,"date":"2008-05-03T23:41:00","date_gmt":"2008-05-03T23:41:00","guid":{"rendered":"http:\/\/www.toque-musicall.com\/?p=1679"},"modified":"2008-05-03T23:41:00","modified_gmt":"2008-05-03T23:41:00","slug":"os-copacabana-orquestra-os-copacabana-1953","status":"publish","type":"post","link":"https:\/\/www.toque-musicall.com\/?p=1679","title":{"rendered":"Os Copacabana Orquestra &#8211; Os Copacabana (1953)"},"content":{"rendered":"<div align=\"left\"><a href=\"http:\/\/4.bp.blogspot.com\/_DSKVEvHtskc\/SBz8ZPzNDaI\/AAAAAAAABWs\/Nd7VwN0Rm24\/s1600-h\/Os+Copacabanas+P.JPG\"><img decoding=\"async\" id=\"BLOGGER_PHOTO_ID_5196305580746935714\" style=\"DISPLAY: block; MARGIN: 0px auto 10px; CURSOR: hand; TEXT-ALIGN: center\" alt=\"\" src=\"http:\/\/4.bp.blogspot.com\/_DSKVEvHtskc\/SBz8ZPzNDaI\/AAAAAAAABWs\/Nd7VwN0Rm24\/s400\/Os+Copacabanas+P.JPG\" border=\"0\" \/><\/a> No embalo dos disquinhos de 10 polegadas, vou nesta noite trazendo dois \u00e1lbuns para a alegria de voc\u00eas. Come\u00e7arei com &#8220;Os Copacabana Orquestra&#8221;, um grupo criado em 1947 por m\u00fasicos integrantes da orquestra que atuava na boate &#8220;Meia Noite&#8221; do Copacabana Palace. Este grupo, formado por oito m\u00fasicos, esteve presente em diversas casas noturnas do Rio e SP. Tamb\u00e9m acompanharam diversos e famosos cantores da \u00e9poca em est\u00fadio e r\u00e1dio.<\/div>\n<div align=\"left\">Uma curiosidade que me chamou a aten\u00e7\u00e3o: entre seus componentes (no disco s\u00f3 consta o primeiro nome dos m\u00fasicos) temos ao piano um tal Vadico. Seria este o lend\u00e1rio Vadico, compositor e parceiro de Noel Rosa? Respeitado instrumentista brasileiro, convidado por Walt Disney para compor a trilha do desenho do Z\u00e9 Carioca? Fiquei na d\u00favida e fui checar em sua biografia. Estranho&#8230; n\u00e3o constava nada \u00e0 respeito dOs Copacabana. Nem mesmo uma \u00fanica refer\u00eancia. Seria o mesmo? Acredito que sim, mas deixo em aberto esta quest\u00e3o. Algu\u00e9m quer comentar?<\/div>\n<p><\/p>\n<div align=\"center\">est\u00e1 chegando a hora<\/div>\n<div align=\"center\">choro n. 3<\/div>\n<div align=\"center\">chorinho na gafieira<\/div>\n<div align=\"center\">son\u00e2mbulo<\/div>\n<div align=\"center\">a little more of your amor<\/div>\n<div align=\"center\">baseado<\/div>\n<div align=\"center\">jura<\/div>\n<div align=\"center\">se acaso voc\u00ea chegasse<\/div>\n<div align=\"center\"><\/div>\n<div align=\"center\"><\/div>\n<div align=\"center\"> <\/div>\n","protected":false},"excerpt":{"rendered":"<p>No embalo dos disquinhos de 10 polegadas, vou nesta noite trazendo dois \u00e1lbuns para a alegria de voc\u00eas. Come\u00e7arei com &#8220;Os Copacabana Orquestra&#8221;, um grupo criado em 1947 por m\u00fasicos integrantes da orquestra que atuava na boate &#8220;Meia Noite&#8221; do &hellip; <a href=\"https:\/\/www.toque-musicall.com\/?p=1679\">Continue lendo <span class=\"meta-nav\">&rarr;<\/span><\/a><\/p>\n","protected":false},"author":1,"featured_media":0,"comment_status":"open","ping_status":"closed","sticky":false,"template":"","format":"standard","meta":{"footnotes":""},"categories":[1750],"tags":[],"class_list":["post-1679","post","type-post","status-publish","format-standard","hentry","category-os-copacabana-orquestra"],"_links":{"self":[{"href":"https:\/\/www.toque-musicall.com\/index.php?rest_route=\/wp\/v2\/posts\/1679","targetHints":{"allow":["GET"]}}],"collection":[{"href":"https:\/\/www.toque-musicall.com\/index.php?rest_route=\/wp\/v2\/posts"}],"about":[{"href":"https:\/\/www.toque-musicall.com\/index.php?rest_route=\/wp\/v2\/types\/post"}],"author":[{"embeddable":true,"href":"https:\/\/www.toque-musicall.com\/index.php?rest_route=\/wp\/v2\/users\/1"}],"replies":[{"embeddable":true,"href":"https:\/\/www.toque-musicall.com\/index.php?rest_route=%2Fwp%2Fv2%2Fcomments&post=1679"}],"version-history":[{"count":0,"href":"https:\/\/www.toque-musicall.com\/index.php?rest_route=\/wp\/v2\/posts\/1679\/revisions"}],"wp:attachment":[{"href":"https:\/\/www.toque-musicall.com\/index.php?rest_route=%2Fwp%2Fv2%2Fmedia&parent=1679"}],"wp:term":[{"taxonomy":"category","embeddable":true,"href":"https:\/\/www.toque-musicall.com\/index.php?rest_route=%2Fwp%2Fv2%2Fcategories&post=1679"},{"taxonomy":"post_tag","embeddable":true,"href":"https:\/\/www.toque-musicall.com\/index.php?rest_route=%2Fwp%2Fv2%2Ftags&post=1679"}],"curies":[{"name":"wp","href":"https:\/\/api.w.org\/{rel}","templated":true}]}}