{"id":168,"date":"2012-02-01T01:26:00","date_gmt":"2012-02-01T01:26:00","guid":{"rendered":"http:\/\/www.toque-musicall.com\/?p=168"},"modified":"2012-02-01T01:26:00","modified_gmt":"2012-02-01T01:26:00","slug":"renato-tito-e-seu-conjunto-gingando-na-bossa-1961","status":"publish","type":"post","link":"https:\/\/www.toque-musicall.com\/?p=168","title":{"rendered":"Renato Tito E Seu Conjunto &#8211; Gingando Na Bossa (1961)"},"content":{"rendered":"<p><a href=\"http:\/\/2.bp.blogspot.com\/-7Bulf6onH5E\/Tykx_PtWtqI\/AAAAAAAAA70\/cmY-RRwD-MM\/s1600\/capaP.JPG\"><img decoding=\"async\" style=\"display:block; margin:0px auto 10px; text-align:center;cursor:pointer; cursor:hand;width: 400px; height: 400px;\" src=\"http:\/\/2.bp.blogspot.com\/-7Bulf6onH5E\/Tykx_PtWtqI\/AAAAAAAAA70\/cmY-RRwD-MM\/s400\/capaP.JPG\" border=\"0\" alt=\"\" id=\"BLOGGER_PHOTO_ID_5704145365659727522\" \/><\/a><a href=\"http:\/\/3.bp.blogspot.com\/-_EF5Cp168Ak\/Tykxl-NYz_I\/AAAAAAAAA7c\/YturgUO4znk\/s1600\/contracapa+p.JPG\"><img decoding=\"async\" style=\"display:block; margin:0px auto 10px; text-align:center;cursor:pointer; cursor:hand;width: 400px; height: 399px;\" src=\"http:\/\/3.bp.blogspot.com\/-_EF5Cp168Ak\/Tykxl-NYz_I\/AAAAAAAAA7c\/YturgUO4znk\/s400\/contracapa+p.JPG\" border=\"0\" alt=\"\" id=\"BLOGGER_PHOTO_ID_5704144931465514994\" \/><\/a>Boa noite, amigos cultos e ocultos. Aqui estou eu de volta, n\u00e3o sei se descansado ou estressado. Perplexo com os \u00faltimos acontecimentos&#8230; N\u00e3o quero nem falar disso agora. Por hora eu quero apenas marcar o meu retorno, trazendo uma nova postagem, visto que alguns dos amigos j\u00e1 est\u00e3o at\u00e9 pensando que eu pulei do barco. Nada disso, vamos em frente &#8216;enquanto Br\u00e1s \u00e9 tesoureiro&#8217;&#8230;<\/p>\n<div>Para abrilhantar o retorno eu escolhi aqui um disco nota 10, um \u00e1lbum para agradar gregos e troianos. Temos aqui este raro lp do clarinetista Renato Tito e seu conjunto. &#8220;Gingando na Bossa&#8221; foi um \u00e1lbum lan\u00e7ado, acredito eu, em 1961 pelo selo Carroussell, aquele especializado em discos infantis, de historinhas, lembram? Consta no texto da contracapa que este foi o &#8220;primeiro microssulco dan\u00e7ante de longa dura\u00e7\u00e3o&#8221; lan\u00e7ado pela etiqueta. Ou seja, foi o primeiro disco de 12 polegadas do selo voltado para um p\u00fablico adulto. Discos da Carroussell como este \u00e9 coisa rara. O presente lp, com certeza, nunca foi postado em um blog. Temos assim a chance de conhecer um disco bacana, que felizmente eu tenho a honra de apresentar. Come\u00e7ando pela capa, uma bel\u00edssima ilustra\u00e7\u00e3o que representa bem a proposta musical, tem tamb\u00e9m um repert\u00f3rio de sambas, choros e at\u00e9 a &#8220;Marcianita&#8221;, eternizada no rock de S\u00e9rgio Murilo, nas vers\u00f5es de Mutantes e Caetano Veloso, Leo Jaime, al\u00e9m de Gal Costa que tamb\u00e9m a gravou. Naquela \u00e9poca, o termo &#8216;bossa&#8217; estava mesmo em alta e tudo o que queria ser moderno e tinha um batido legal era bossa. E neste disco a inten\u00e7\u00e3o \u00e9 mesmo se aproximar o m\u00e1ximo poss\u00edvel da Bossa Nova. Ta\u00ed, um \u00e1lbum gostoso de ouvir. Confiram&#8230;<\/div>\n<div><\/div>\n<div>\n<div style=\"text-align: center;\">marcianita<\/div>\n<\/div>\n<div style=\"text-align: center;\">rosas vermelhas<\/div>\n<div style=\"text-align: center;\">menina mo\u00e7a<\/div>\n<div style=\"text-align: center;\">q q c f<\/div>\n<div style=\"text-align: center;\">eu quero \u00e9 sossego<\/div>\n<div style=\"text-align: center;\">s\u00e3o todas iguais<\/div>\n<div style=\"text-align: center;\">teleco-teco n\u00ba2<\/div>\n<div style=\"text-align: center;\">carinho e amor<\/div>\n<div style=\"text-align: center;\">raimundo nobre no choro<\/div>\n<div style=\"text-align: center;\">discotecando<\/div>\n<div style=\"text-align: center;\">no bar do padilha<\/div>\n<div style=\"text-align: center;\">marina<\/div>\n<div><\/div>\n<div><\/div>\n","protected":false},"excerpt":{"rendered":"<p>Boa noite, amigos cultos e ocultos. Aqui estou eu de volta, n\u00e3o sei se descansado ou estressado. Perplexo com os \u00faltimos acontecimentos&#8230; N\u00e3o quero nem falar disso agora. Por hora eu quero apenas marcar o meu retorno, trazendo uma nova &hellip; <a href=\"https:\/\/www.toque-musicall.com\/?p=168\">Continue lendo <span class=\"meta-nav\">&rarr;<\/span><\/a><\/p>\n","protected":false},"author":1,"featured_media":0,"comment_status":"open","ping_status":"closed","sticky":false,"template":"","format":"standard","meta":{"footnotes":""},"categories":[315,314],"tags":[],"class_list":["post-168","post","type-post","status-publish","format-standard","hentry","category-renato-tito-e-seu-conjunto-teleco-teco","category-selo-carroussell"],"_links":{"self":[{"href":"https:\/\/www.toque-musicall.com\/index.php?rest_route=\/wp\/v2\/posts\/168","targetHints":{"allow":["GET"]}}],"collection":[{"href":"https:\/\/www.toque-musicall.com\/index.php?rest_route=\/wp\/v2\/posts"}],"about":[{"href":"https:\/\/www.toque-musicall.com\/index.php?rest_route=\/wp\/v2\/types\/post"}],"author":[{"embeddable":true,"href":"https:\/\/www.toque-musicall.com\/index.php?rest_route=\/wp\/v2\/users\/1"}],"replies":[{"embeddable":true,"href":"https:\/\/www.toque-musicall.com\/index.php?rest_route=%2Fwp%2Fv2%2Fcomments&post=168"}],"version-history":[{"count":0,"href":"https:\/\/www.toque-musicall.com\/index.php?rest_route=\/wp\/v2\/posts\/168\/revisions"}],"wp:attachment":[{"href":"https:\/\/www.toque-musicall.com\/index.php?rest_route=%2Fwp%2Fv2%2Fmedia&parent=168"}],"wp:term":[{"taxonomy":"category","embeddable":true,"href":"https:\/\/www.toque-musicall.com\/index.php?rest_route=%2Fwp%2Fv2%2Fcategories&post=168"},{"taxonomy":"post_tag","embeddable":true,"href":"https:\/\/www.toque-musicall.com\/index.php?rest_route=%2Fwp%2Fv2%2Ftags&post=168"}],"curies":[{"name":"wp","href":"https:\/\/api.w.org\/{rel}","templated":true}]}}