{"id":1684,"date":"2008-04-28T22:19:00","date_gmt":"2008-04-28T22:19:00","guid":{"rendered":"http:\/\/www.toque-musicall.com\/?p=1684"},"modified":"2008-04-28T22:19:00","modified_gmt":"2008-04-28T22:19:00","slug":"selecoes-continental-n-2-1957","status":"publish","type":"post","link":"https:\/\/www.toque-musicall.com\/?p=1684","title":{"rendered":"Sele\u00e7\u00f5es Continental N.2 (1957)"},"content":{"rendered":"<div align=\"left\"><a href=\"http:\/\/4.bp.blogspot.com\/_DSKVEvHtskc\/SBZX-vzNDTI\/AAAAAAAABV0\/VXo-Ln8hOFA\/s1600-h\/Sele%C3%83%C2%A7%C3%83%C2%B5es+P.JPG\"><img decoding=\"async\" id=\"BLOGGER_PHOTO_ID_5194435955713183026\" style=\"DISPLAY: block; MARGIN: 0px auto 10px; CURSOR: hand; TEXT-ALIGN: center\" alt=\"\" src=\"http:\/\/4.bp.blogspot.com\/_DSKVEvHtskc\/SBZX-vzNDTI\/AAAAAAAABV0\/VXo-Ln8hOFA\/s400\/Sele%C3%A7%C3%B5es+P.JPG\" border=\"0\" \/><\/a>Putz! Que vacil\u00e3o! Eu estava com tanto sono ontem a noite que acabei trocando as bolas. Ao inv\u00e9s de publicar, acabei salvando o post do dia como rascunho. S\u00f3 agora, quando recome\u00e7o a semana, \u00e9 que estou me dar conta disso. Desculpem a falha \ud83d\ude42<\/p>\n<div align=\"left\">Para esta semana pretendo trazer alguns disquinhos bem interessantes, os memor\u00e1veis 33rpm de 10 polegadas. Recebi a colabora\u00e7\u00e3o de um bom amigo que se dispos a nos liberar alguns de sua fant\u00e1stica cole\u00e7\u00e3o. Tenho certeza que voc\u00eas ir\u00e3o apreciar essas raridades.<\/div>\n<div align=\"left\">Come\u00e7o ent\u00e3o, para manter o ritmo, com esta colet\u00e2nea bacaninha. Uma sele\u00e7\u00e3o com alguns dos maiores nomes da gravadora Continental nas d\u00e9cadas de 40 e 50. Uma sele\u00e7\u00e3o criada pela gravadora no int\u00faito, na \u00e9poca, de popularizar os novos disquinhos de 33 rota\u00e7\u00f5es. Estes vinham acompanhando cada suplemento de discos de 78 rota\u00e7\u00f5es. Temos assim o segundo volume, o Sele\u00e7\u00e3o n. 2, com 12 faixas escolhidas dentre as melhores que foram gravadas para cada um dos suplementos.<\/div>\n<p><\/p>\n<div align=\"center\">festa do samba &#8211; jorge goulart<\/div>\n<div align=\"center\">bate o bife &#8211; bill farr &#038; emilinha borba<\/div>\n<div align=\"center\">gera\u00e7\u00e3o da vitamina &#8211; os cariocas<\/div>\n<div align=\"center\">ne parle pas de moi &#8211; dick farney e seu quarteto<\/div>\n<div align=\"center\">vento soprando &#8211; doris monteiro<\/div>\n<div align=\"center\">prece &#8211; helena de lima<\/div>\n<div align=\"center\">the continental &#8211; severinho ara\u00fajo &#038; sua orquestra tabajara<\/div>\n<div align=\"center\">bate papo a tr\u00eas vozes &#8211; radam\u00e9s, luciano e vidal<\/div>\n<div align=\"center\">aqueles olhos verdes &#8211; antonio bruno<\/div>\n<div align=\"center\">insensato cora\u00e7\u00e3o &#8211; emilinha borba<\/div>\n<div align=\"center\">prova real &#8211; trio madrigal<\/div>\n<div align=\"center\">chuvisco &#8211; dilermando reis<\/div>\n<div align=\"center\"><\/div>\n<div align=\"center\"><\/div>\n<div align=\"center\"> <\/div>\n<\/div>\n","protected":false},"excerpt":{"rendered":"<p>Putz! Que vacil\u00e3o! Eu estava com tanto sono ontem a noite que acabei trocando as bolas. Ao inv\u00e9s de publicar, acabei salvando o post do dia como rascunho. S\u00f3 agora, quando recome\u00e7o a semana, \u00e9 que estou me dar conta &hellip; <a href=\"https:\/\/www.toque-musicall.com\/?p=1684\">Continue lendo <span class=\"meta-nav\">&rarr;<\/span><\/a><\/p>\n","protected":false},"author":1,"featured_media":0,"comment_status":"open","ping_status":"closed","sticky":false,"template":"","format":"standard","meta":{"footnotes":""},"categories":[1751,1303],"tags":[],"class_list":["post-1684","post","type-post","status-publish","format-standard","hentry","category-selecoes-continental","category-variados"],"_links":{"self":[{"href":"https:\/\/www.toque-musicall.com\/index.php?rest_route=\/wp\/v2\/posts\/1684","targetHints":{"allow":["GET"]}}],"collection":[{"href":"https:\/\/www.toque-musicall.com\/index.php?rest_route=\/wp\/v2\/posts"}],"about":[{"href":"https:\/\/www.toque-musicall.com\/index.php?rest_route=\/wp\/v2\/types\/post"}],"author":[{"embeddable":true,"href":"https:\/\/www.toque-musicall.com\/index.php?rest_route=\/wp\/v2\/users\/1"}],"replies":[{"embeddable":true,"href":"https:\/\/www.toque-musicall.com\/index.php?rest_route=%2Fwp%2Fv2%2Fcomments&post=1684"}],"version-history":[{"count":0,"href":"https:\/\/www.toque-musicall.com\/index.php?rest_route=\/wp\/v2\/posts\/1684\/revisions"}],"wp:attachment":[{"href":"https:\/\/www.toque-musicall.com\/index.php?rest_route=%2Fwp%2Fv2%2Fmedia&parent=1684"}],"wp:term":[{"taxonomy":"category","embeddable":true,"href":"https:\/\/www.toque-musicall.com\/index.php?rest_route=%2Fwp%2Fv2%2Fcategories&post=1684"},{"taxonomy":"post_tag","embeddable":true,"href":"https:\/\/www.toque-musicall.com\/index.php?rest_route=%2Fwp%2Fv2%2Ftags&post=1684"}],"curies":[{"name":"wp","href":"https:\/\/api.w.org\/{rel}","templated":true}]}}