{"id":1685,"date":"2008-04-28T00:15:00","date_gmt":"2008-04-28T00:15:00","guid":{"rendered":"http:\/\/www.toque-musicall.com\/?p=1685"},"modified":"2008-04-28T00:15:00","modified_gmt":"2008-04-28T00:15:00","slug":"velho-realejo-1973","status":"publish","type":"post","link":"https:\/\/www.toque-musicall.com\/?p=1685","title":{"rendered":"Velho Realejo (1973)"},"content":{"rendered":"<div align=\"left\"><a href=\"http:\/\/3.bp.blogspot.com\/_DSKVEvHtskc\/SBZKdfzNDSI\/AAAAAAAABVs\/57UYDM1nQtU\/s1600-h\/velho+realejo+P.JPG\"><img decoding=\"async\" id=\"BLOGGER_PHOTO_ID_5194421090831371554\" style=\"DISPLAY: block; MARGIN: 0px auto 10px; CURSOR: hand; TEXT-ALIGN: center\" alt=\"\" src=\"http:\/\/3.bp.blogspot.com\/_DSKVEvHtskc\/SBZKdfzNDSI\/AAAAAAAABVs\/57UYDM1nQtU\/s400\/velho+realejo+P.JPG\" border=\"0\" \/><\/a>Ol\u00e1 meus caros amigos cultos e ocultos! Voc\u00eas n\u00e3o fazem id\u00e9ia de como o meu domingo foi &#8216;puxado&#8217;. Muito trabalho e pouco tempo para o \u00f3cio e o meu lazer favorito, o blog (quando estou no computador). S\u00f3 estou fazendo a postagem de hoje por honra da firma. Minhas palpebras s\u00f3 est\u00e3o abertas a custo do guaran\u00e1 e dois palitinhos que coloquei para mant\u00ea-las abertas (aprendi a t\u00e9cnica nos desenhos animados). Bom, mas vamos l\u00e1&#8230;<br \/>O disco da noite \u00e9 mais um daqueles que voc\u00ea nunca mais ter\u00e1 o prazer de ouv\u00ed-lo. Pelo menos no que depender de um relan\u00e7amento. Duvido! Colet\u00e2neas nunca voltam. Por essas e por outras \u00e9 que eu estou postando esta aqui. Uma colet\u00e2nea muito interessante e rara, n\u00e3o apenas por ser de 1973, mas por conter uma sele\u00e7\u00e3o musical e artistas que j\u00e1 n\u00e3o vemos mais. Um disco com valsa, samba e choro. Um disco de int\u00e9rpretes e can\u00e7\u00f5es que ficaram na mem\u00f3ria. Mas eu n\u00e3o vou me extender no assunto, prefiro hoje me extender na cama. Deixo que voc\u00eas confiram e d\u00eaem a opini\u00e3o. Vou dormir&#8230; Zzz&#8230;.<\/p>\n<div align=\"center\">velho realejo &#8211; luiz carlos clay<\/div>\n<div align=\"center\">o baile da saudade &#8211; \u00edtalo nascimento<\/div>\n<div align=\"center\">mensagem &#8211; d\u00e9a franco<\/div>\n<div align=\"center\">meus vinte anos &#8211; rog\u00e9rio tadeu<\/div>\n<div align=\"center\">jamais te esquecerei &#8211; gilberto montenegro<\/div>\n<div align=\"center\">minha casa &#8211; silvo caldas<\/div>\n<div align=\"center\">dia de festa &#8211; \u00edtalo nascimento<\/div>\n<div align=\"center\">meu romance &#8211; rog\u00e9rio tadeu<\/div>\n<div align=\"center\">zingara &#8211; gilberto monternegro<\/div>\n<div align=\"center\">um cabloco abandonado &#8211; silvio caldas<\/div>\n<div align=\"center\">at\u00e9 as l\u00e1grimas &#8211; d\u00e9a franco<\/div>\n<div align=\"center\">arranha c\u00e9u &#8211; carlos roberto<\/div>\n<div align=\"center\"><\/div>\n<div align=\"center\"><\/div>\n<div align=\"center\"><\/div>\n<div align=\"center\"><\/div>\n<\/div>\n","protected":false},"excerpt":{"rendered":"<p>Ol\u00e1 meus caros amigos cultos e ocultos! Voc\u00eas n\u00e3o fazem id\u00e9ia de como o meu domingo foi &#8216;puxado&#8217;. Muito trabalho e pouco tempo para o \u00f3cio e o meu lazer favorito, o blog (quando estou no computador). S\u00f3 estou fazendo &hellip; <a href=\"https:\/\/www.toque-musicall.com\/?p=1685\">Continue lendo <span class=\"meta-nav\">&rarr;<\/span><\/a><\/p>\n","protected":false},"author":1,"featured_media":0,"comment_status":"open","ping_status":"closed","sticky":false,"template":"","format":"standard","meta":{"footnotes":""},"categories":[1303,1752],"tags":[],"class_list":["post-1685","post","type-post","status-publish","format-standard","hentry","category-variados","category-velho-realejo"],"_links":{"self":[{"href":"https:\/\/www.toque-musicall.com\/index.php?rest_route=\/wp\/v2\/posts\/1685","targetHints":{"allow":["GET"]}}],"collection":[{"href":"https:\/\/www.toque-musicall.com\/index.php?rest_route=\/wp\/v2\/posts"}],"about":[{"href":"https:\/\/www.toque-musicall.com\/index.php?rest_route=\/wp\/v2\/types\/post"}],"author":[{"embeddable":true,"href":"https:\/\/www.toque-musicall.com\/index.php?rest_route=\/wp\/v2\/users\/1"}],"replies":[{"embeddable":true,"href":"https:\/\/www.toque-musicall.com\/index.php?rest_route=%2Fwp%2Fv2%2Fcomments&post=1685"}],"version-history":[{"count":0,"href":"https:\/\/www.toque-musicall.com\/index.php?rest_route=\/wp\/v2\/posts\/1685\/revisions"}],"wp:attachment":[{"href":"https:\/\/www.toque-musicall.com\/index.php?rest_route=%2Fwp%2Fv2%2Fmedia&parent=1685"}],"wp:term":[{"taxonomy":"category","embeddable":true,"href":"https:\/\/www.toque-musicall.com\/index.php?rest_route=%2Fwp%2Fv2%2Fcategories&post=1685"},{"taxonomy":"post_tag","embeddable":true,"href":"https:\/\/www.toque-musicall.com\/index.php?rest_route=%2Fwp%2Fv2%2Ftags&post=1685"}],"curies":[{"name":"wp","href":"https:\/\/api.w.org\/{rel}","templated":true}]}}