{"id":169,"date":"2012-01-23T01:52:00","date_gmt":"2012-01-23T01:52:00","guid":{"rendered":"http:\/\/www.toque-musicall.com\/?p=169"},"modified":"2012-01-23T01:52:00","modified_gmt":"2012-01-23T01:52:00","slug":"maurilio-e-seu-piston-convite-para-dancar-1958","status":"publish","type":"post","link":"https:\/\/www.toque-musicall.com\/?p=169","title":{"rendered":"Maurilio E Seu Piston &#8211; Convite Para Dan\u00e7ar (1958)"},"content":{"rendered":"<p><a href=\"http:\/\/1.bp.blogspot.com\/-j62eufo_WGY\/Txy9oWiF3NI\/AAAAAAAAA7E\/uHro7Z5sUQI\/s1600\/capaP.JPG\"><img decoding=\"async\" style=\"display:block; margin:0px auto 10px; text-align:center;cursor:pointer; cursor:hand;width: 400px; height: 396px;\" src=\"http:\/\/1.bp.blogspot.com\/-j62eufo_WGY\/Txy9oWiF3NI\/AAAAAAAAA7E\/uHro7Z5sUQI\/s400\/capaP.JPG\" border=\"0\" alt=\"\" id=\"BLOGGER_PHOTO_ID_5700639729285192914\" \/><\/a><a href=\"http:\/\/1.bp.blogspot.com\/-dKi7y5p2Um4\/Txy9i8W3WwI\/AAAAAAAAA64\/zwb-v42jf3A\/s1600\/contracapaP.JPG\"><img decoding=\"async\" style=\"display:block; margin:0px auto 10px; text-align:center;cursor:pointer; cursor:hand;width: 400px; height: 399px;\" src=\"http:\/\/1.bp.blogspot.com\/-dKi7y5p2Um4\/Txy9i8W3WwI\/AAAAAAAAA64\/zwb-v42jf3A\/s400\/contracapaP.JPG\" border=\"0\" alt=\"\" id=\"BLOGGER_PHOTO_ID_5700639636359437058\" \/><\/a>Boa noite, amigos cultos e ocultos! Meio que em cima da hora, surgiu a\u00ed uma semana de folga. Imperd\u00edvel e inadi\u00e1vel. Estou viajando amanh\u00e3 para o Rio de Janeiro e mesmo com todas as facilidades para os 15 minutos dedicados \u00e0s postagens di\u00e1rias, n\u00e3o pretendo faz\u00ea-las pela semana. Vamos dar uma pausa, afinal eu tamb\u00e9m mere\u00e7o, voc\u00eas n\u00e3o acham?<\/p>\n<div>Para encerrar, aqui vai um disco que eu passei quase duas horas dando uma geral para ent\u00e3o post\u00e1-lo para voc\u00eas. Depois de tudo pronto, agora h\u00e1 pouquinho, vi que o danado j\u00e1 estava em mais uns tr\u00eas blogs. E eu crente que estava trazendo alguma velha novidade. Bom, agora a coisa est\u00e1 feita. S\u00f3 de pregui\u00e7a ou pirra\u00e7a n\u00e3o vou me estender falando do disco e artista.<\/div>\n<div>Temos aqui o pistonista Maur\u00edlio Santos, mais um grande instrumentista brasileiro, totalmente esquecido. Maur\u00edlio tocou com as melhores e mais diversas orquestras e maestros brasileiros. Acompanhou muitos m\u00fasicos, gravou tamb\u00e9m. Mas discos solos, que eu conhe\u00e7o \u00e9 s\u00f3 este. Por sinal e ali\u00e1s, o grande motivo da escolha deste disco \u00e9 o gabarito do nosso m\u00fasico e do repert\u00f3rio sortido, com samba, fox e beguine.<\/div>\n<div>Voc\u00eas fiquem a\u00ed \u00e0 vontade. Segurem as pontas que semana que vem eu estarei de volta. T\u00e9 mais!<\/div>\n<div><\/div>\n<div style=\"text-align: center;\">fantasia carioca<\/div>\n<div style=\"text-align: center;\">n\u00eaga manhosa<\/div>\n<div style=\"text-align: center;\">all the way<\/div>\n<div style=\"text-align: center;\">to each his own<\/div>\n<div style=\"text-align: center;\">reza por nosso amor<\/div>\n<div style=\"text-align: center;\">a fonte secou<\/div>\n<div style=\"text-align: center;\">concerto d&#8217;autunno<\/div>\n<div style=\"text-align: center;\">please<\/div>\n<div style=\"text-align: center;\">promessa<\/div>\n<div style=\"text-align: center;\">rosa maria<\/div>\n<div style=\"text-align: center;\">when i fall in love<\/div>\n<div style=\"text-align: center;\">le gondolier<\/div>\n<div style=\"text-align: center;\"><\/div>\n<div style=\"text-align: center;\"><\/div>\n","protected":false},"excerpt":{"rendered":"<p>Boa noite, amigos cultos e ocultos! Meio que em cima da hora, surgiu a\u00ed uma semana de folga. Imperd\u00edvel e inadi\u00e1vel. Estou viajando amanh\u00e3 para o Rio de Janeiro e mesmo com todas as facilidades para os 15 minutos dedicados &hellip; <a href=\"https:\/\/www.toque-musicall.com\/?p=169\">Continue lendo <span class=\"meta-nav\">&rarr;<\/span><\/a><\/p>\n","protected":false},"author":1,"featured_media":0,"comment_status":"open","ping_status":"closed","sticky":false,"template":"","format":"standard","meta":{"footnotes":""},"categories":[316,70],"tags":[],"class_list":["post-169","post","type-post","status-publish","format-standard","hentry","category-maurilio-santos","category-selo-rca-victor"],"_links":{"self":[{"href":"https:\/\/www.toque-musicall.com\/index.php?rest_route=\/wp\/v2\/posts\/169","targetHints":{"allow":["GET"]}}],"collection":[{"href":"https:\/\/www.toque-musicall.com\/index.php?rest_route=\/wp\/v2\/posts"}],"about":[{"href":"https:\/\/www.toque-musicall.com\/index.php?rest_route=\/wp\/v2\/types\/post"}],"author":[{"embeddable":true,"href":"https:\/\/www.toque-musicall.com\/index.php?rest_route=\/wp\/v2\/users\/1"}],"replies":[{"embeddable":true,"href":"https:\/\/www.toque-musicall.com\/index.php?rest_route=%2Fwp%2Fv2%2Fcomments&post=169"}],"version-history":[{"count":0,"href":"https:\/\/www.toque-musicall.com\/index.php?rest_route=\/wp\/v2\/posts\/169\/revisions"}],"wp:attachment":[{"href":"https:\/\/www.toque-musicall.com\/index.php?rest_route=%2Fwp%2Fv2%2Fmedia&parent=169"}],"wp:term":[{"taxonomy":"category","embeddable":true,"href":"https:\/\/www.toque-musicall.com\/index.php?rest_route=%2Fwp%2Fv2%2Fcategories&post=169"},{"taxonomy":"post_tag","embeddable":true,"href":"https:\/\/www.toque-musicall.com\/index.php?rest_route=%2Fwp%2Fv2%2Ftags&post=169"}],"curies":[{"name":"wp","href":"https:\/\/api.w.org\/{rel}","templated":true}]}}