{"id":1690,"date":"2008-04-23T00:12:00","date_gmt":"2008-04-23T00:12:00","guid":{"rendered":"http:\/\/www.toque-musicall.com\/?p=1690"},"modified":"2008-04-23T00:12:00","modified_gmt":"2008-04-23T00:12:00","slug":"conjunto-garra-brasileira-sucessos-contagiantes-em-ritmo-de-samba-1974","status":"publish","type":"post","link":"https:\/\/www.toque-musicall.com\/?p=1690","title":{"rendered":"Conjunto Garra Brasileira &#8211; Sucessos Contagiantes Em Ritmo De Samba (1974)"},"content":{"rendered":"<div align=\"left\"><a href=\"http:\/\/3.bp.blogspot.com\/_DSKVEvHtskc\/SA6WSfzNDKI\/AAAAAAAABUo\/X_5RdJJz0FU\/s1600-h\/garra+brasileira+P.JPG\"><img decoding=\"async\" id=\"BLOGGER_PHOTO_ID_5192252664922836130\" style=\"DISPLAY: block; MARGIN: 0px auto 10px; CURSOR: hand; TEXT-ALIGN: center\" alt=\"\" src=\"http:\/\/3.bp.blogspot.com\/_DSKVEvHtskc\/SA6WSfzNDKI\/AAAAAAAABUo\/X_5RdJJz0FU\/s400\/garra+brasileira+P.JPG\" border=\"0\" \/><\/a>Boas! Aqui vamos n\u00f3s com mais um t\u00edtulo que a muito foi esquecido. Acho que nem o pessoal da gravadora deve lembrar que um dia lan\u00e7ou este disco. Garra Brasileira \u00e9 o nome do conjunto criado pela SomLivre, com m\u00fasicos e artistas da casa. Um daqueles \u00e1lbuns que re\u00fane sucessos da \u00e9poca e tenta tirar proveito da popularidade dos mesmo numa nova interpreta\u00e7\u00e3o. O Conjunto Garra Brasileira vem tamb\u00e9m acompanhado em algumas faixas por artistas, int\u00e9rpretes do segundo escal\u00e3o da gravadora. Tem at\u00e9 um tal de Djavan cantando um sucesso do sambista Luiz Ayr\u00e3o. Talvez, s\u00f3 por essa, j\u00e1 vale a pena ressucitar o lp.<\/p>\n<div align=\"center\">o comil\u00e3o \/ cacha\u00e7a mec\u00e2nica<\/div>\n<div align=\"center\">retalhos de cetim &#8211; c\/ victor hugo<\/div>\n<div align=\"center\">\u00e9 preciso cantar<\/div>\n<div align=\"center\">n\u00e3o leve a mal \/ boi da cara preta<\/div>\n<div align=\"center\">eu s\u00f3 quero um xod\u00f3<\/div>\n<div align=\"center\">a banda da ilus\u00e3o<\/div>\n<div align=\"center\">porta aberta &#8211; c\/ djavan<\/div>\n<div align=\"center\">camisa 10 \/ mosca n asopa<\/div>\n<div align=\"center\">tatuagem \/ n\u00e3o existe pecado ao sul do equador &#8211; c\/ ned helena<\/div>\n<div align=\"center\">tor\u00f3 de l\u00e1grimas \/ tocar na banda<\/div>\n<div align=\"center\">qual \u00e9? \/ eu me lembrei de voc\u00ea<\/div>\n<div align=\"center\"><\/div>\n<div align=\"center\"><\/div>\n<div align=\"center\"><\/div>\n<div align=\"center\"><\/div>\n<\/div>\n","protected":false},"excerpt":{"rendered":"<p>Boas! Aqui vamos n\u00f3s com mais um t\u00edtulo que a muito foi esquecido. Acho que nem o pessoal da gravadora deve lembrar que um dia lan\u00e7ou este disco. Garra Brasileira \u00e9 o nome do conjunto criado pela SomLivre, com m\u00fasicos &hellip; <a href=\"https:\/\/www.toque-musicall.com\/?p=1690\">Continue lendo <span class=\"meta-nav\">&rarr;<\/span><\/a><\/p>\n","protected":false},"author":1,"featured_media":0,"comment_status":"open","ping_status":"closed","sticky":false,"template":"","format":"standard","meta":{"footnotes":""},"categories":[1754],"tags":[],"class_list":["post-1690","post","type-post","status-publish","format-standard","hentry","category-conjunto-garra-brasileira"],"_links":{"self":[{"href":"https:\/\/www.toque-musicall.com\/index.php?rest_route=\/wp\/v2\/posts\/1690","targetHints":{"allow":["GET"]}}],"collection":[{"href":"https:\/\/www.toque-musicall.com\/index.php?rest_route=\/wp\/v2\/posts"}],"about":[{"href":"https:\/\/www.toque-musicall.com\/index.php?rest_route=\/wp\/v2\/types\/post"}],"author":[{"embeddable":true,"href":"https:\/\/www.toque-musicall.com\/index.php?rest_route=\/wp\/v2\/users\/1"}],"replies":[{"embeddable":true,"href":"https:\/\/www.toque-musicall.com\/index.php?rest_route=%2Fwp%2Fv2%2Fcomments&post=1690"}],"version-history":[{"count":0,"href":"https:\/\/www.toque-musicall.com\/index.php?rest_route=\/wp\/v2\/posts\/1690\/revisions"}],"wp:attachment":[{"href":"https:\/\/www.toque-musicall.com\/index.php?rest_route=%2Fwp%2Fv2%2Fmedia&parent=1690"}],"wp:term":[{"taxonomy":"category","embeddable":true,"href":"https:\/\/www.toque-musicall.com\/index.php?rest_route=%2Fwp%2Fv2%2Fcategories&post=1690"},{"taxonomy":"post_tag","embeddable":true,"href":"https:\/\/www.toque-musicall.com\/index.php?rest_route=%2Fwp%2Fv2%2Ftags&post=1690"}],"curies":[{"name":"wp","href":"https:\/\/api.w.org\/{rel}","templated":true}]}}