{"id":1700,"date":"2008-04-13T01:52:00","date_gmt":"2008-04-13T01:52:00","guid":{"rendered":"http:\/\/www.toque-musicall.com\/?p=1700"},"modified":"2008-04-13T01:52:00","modified_gmt":"2008-04-13T01:52:00","slug":"marcos-valle-mustang-cor-de-sangue-ou-corcel-cor-de-mel-1969","status":"publish","type":"post","link":"https:\/\/www.toque-musicall.com\/?p=1700","title":{"rendered":"Marcos Valle &#8211; Mustang Cor De Sangue Ou Corcel Cor De Mel (1969)"},"content":{"rendered":"<p><a href=\"http:\/\/3.bp.blogspot.com\/_DSKVEvHtskc\/SAFxqQDSsWI\/AAAAAAAABSE\/S2_oxdHkR44\/s1600-h\/Marcos+Valle+-+Mustang+Cor+de+Sangue+1969.jpg\"><img decoding=\"async\" alt=\"\" border=\"0\" id=\"BLOGGER_PHOTO_ID_5188553216384741730\" src=\"http:\/\/3.bp.blogspot.com\/_DSKVEvHtskc\/SAFxqQDSsWI\/AAAAAAAABSE\/S2_oxdHkR44\/s400\/Marcos+Valle+-+Mustang+Cor+de+Sangue+1969.jpg\" style=\"cursor: hand; display: block; margin: 0px auto 10px; text-align: center;\" \/><\/a><\/p>\n<div align=\"left\">Boa noite. Bom s\u00e1bado, bom domingo. Estamos entrando sempre na \u00faltima hora, mas sem falta. O dia hoje foi totalmente musical com a feira do vinil fazendo muito sucesso. Apesar da pouca divulga\u00e7\u00e3o o evento serviu mais uma vez para firmar presen\u00e7a mensalmente na cidade. Acredito que nas pr\u00f3ximas edi\u00e7\u00f5es a feira venha a dar mais ibope. O interesse das pessoas pelo disco de vinil parece que tem at\u00e9 crescido e n\u00e3o se limita apenas \u00e0 turma dos &#8216;coroas&#8217;, mas tamb\u00e9m a mo\u00e7ada jovem vem descobrindo os prazeres da bolacha. Isso \u00e9 muito bom&#8230;<\/div>\n<div align=\"left\">Para abrilhantar este nosso s\u00e1bado e tamb\u00e9m diante ao sucesso do &#8216;valle a pena ouvir de novo&#8217;, resolvi que seria bom postar outro disc\u00e3o do Marcos Valle ao inv\u00e9s alternar com outros artistas; como andei fazendo durante a semana. &#8220;Mustang cor de sangue&#8230;&#8221; \u00e9 mais um bom de safra, com \u00f3timas m\u00fasicas, sendo destaque a faixa hom\u00f4nima que d\u00e1 t\u00edtulo ao lp. Temos tamb\u00e9m neste \u00e1lbum a participa\u00e7\u00e3o de Milton Nascimento na faixa &#8220;Di\u00e1logo&#8221; e dos Golden Boys em &#8220;Dia de vit\u00f3ria&#8221;.  Totalmente imperd\u00edvel.<\/div>\n<p><\/p>\n<div align=\"center\">mustang cor de sangue<\/div>\n<div align=\"center\">samba de ver\u00e3o 2<\/div>\n<div align=\"center\">catarina e o vento<\/div>\n<div align=\"center\">frevo novo<\/div>\n<div align=\"center\">azimuth<\/div>\n<div align=\"center\">dia de vit\u00f3ria<\/div>\n<div align=\"center\">os dentes brancos do mundo<\/div>\n<div align=\"center\">mentira carioca<\/div>\n<div align=\"center\">das tr\u00eas \u00e0s seis<\/div>\n<div align=\"center\">tigre da esso que sucesso<\/div>\n<div align=\"center\">o evangelho segundo san quentin<\/div>\n<div align=\"center\">di\u00e1logo<\/div>\n<div align=\"center\"><\/div>\n<div align=\"center\"><\/div>\n","protected":false},"excerpt":{"rendered":"<p>Boa noite. Bom s\u00e1bado, bom domingo. Estamos entrando sempre na \u00faltima hora, mas sem falta. O dia hoje foi totalmente musical com a feira do vinil fazendo muito sucesso. Apesar da pouca divulga\u00e7\u00e3o o evento serviu mais uma vez para &hellip; <a href=\"https:\/\/www.toque-musicall.com\/?p=1700\">Continue lendo <span class=\"meta-nav\">&rarr;<\/span><\/a><\/p>\n","protected":false},"author":1,"featured_media":0,"comment_status":"open","ping_status":"closed","sticky":false,"template":"","format":"standard","meta":{"footnotes":""},"categories":[67,86],"tags":[],"class_list":["post-1700","post","type-post","status-publish","format-standard","hentry","category-marcos-valle","category-selo-odeon"],"_links":{"self":[{"href":"https:\/\/www.toque-musicall.com\/index.php?rest_route=\/wp\/v2\/posts\/1700","targetHints":{"allow":["GET"]}}],"collection":[{"href":"https:\/\/www.toque-musicall.com\/index.php?rest_route=\/wp\/v2\/posts"}],"about":[{"href":"https:\/\/www.toque-musicall.com\/index.php?rest_route=\/wp\/v2\/types\/post"}],"author":[{"embeddable":true,"href":"https:\/\/www.toque-musicall.com\/index.php?rest_route=\/wp\/v2\/users\/1"}],"replies":[{"embeddable":true,"href":"https:\/\/www.toque-musicall.com\/index.php?rest_route=%2Fwp%2Fv2%2Fcomments&post=1700"}],"version-history":[{"count":0,"href":"https:\/\/www.toque-musicall.com\/index.php?rest_route=\/wp\/v2\/posts\/1700\/revisions"}],"wp:attachment":[{"href":"https:\/\/www.toque-musicall.com\/index.php?rest_route=%2Fwp%2Fv2%2Fmedia&parent=1700"}],"wp:term":[{"taxonomy":"category","embeddable":true,"href":"https:\/\/www.toque-musicall.com\/index.php?rest_route=%2Fwp%2Fv2%2Fcategories&post=1700"},{"taxonomy":"post_tag","embeddable":true,"href":"https:\/\/www.toque-musicall.com\/index.php?rest_route=%2Fwp%2Fv2%2Ftags&post=1700"}],"curies":[{"name":"wp","href":"https:\/\/api.w.org\/{rel}","templated":true}]}}