{"id":1701,"date":"2008-04-11T16:32:00","date_gmt":"2008-04-11T16:32:00","guid":{"rendered":"http:\/\/www.toque-musicall.com\/?p=1701"},"modified":"2008-04-11T16:32:00","modified_gmt":"2008-04-11T16:32:00","slug":"marcos-valle-previsao-do-tempo-1973","status":"publish","type":"post","link":"https:\/\/www.toque-musicall.com\/?p=1701","title":{"rendered":"Marcos Valle &#8211; Previs\u00e3o Do Tempo (1973)"},"content":{"rendered":"<p><a href=\"http:\/\/4.bp.blogspot.com\/_DSKVEvHtskc\/SAAe2KJFZwI\/AAAAAAAABR4\/rEwdCmJRzSs\/s1600-h\/Previsao_do_Tempo.jpg\"><img decoding=\"async\" alt=\"\" border=\"0\" id=\"BLOGGER_PHOTO_ID_5188180686515037954\" src=\"http:\/\/4.bp.blogspot.com\/_DSKVEvHtskc\/SAAe2KJFZwI\/AAAAAAAABR4\/rEwdCmJRzSs\/s400\/Previsao_do_Tempo.jpg\" style=\"cursor: hand; display: block; margin: 0px auto 10px; text-align: center;\" \/><\/a>A previs\u00e3o do tempo para hoje \u00e9 a de que estou babando de sono e antes que me esque\u00e7a, aqui vai mais um que vale&#8230; Marcos Valle em mais um disco de tirar o chap\u00e9u. N\u00e3o vou nem tentar continuar pois j\u00e1 estou  trocando letras&#8230; Zzz&#8230; Zzz&#8230;<\/p>\n<div align=\"center\">Flamengo at\u00e9 morrer<\/div>\n<div align=\"center\">\u00a0Nem palet\u00f3, nem gravata<\/div>\n<div align=\"center\">\u00a0Tira a m\u00e3o<\/div>\n<div align=\"center\">\u00a0Mentira<\/div>\n<div align=\"center\">\u00a0Previs\u00e3o do tempo<\/div>\n<div align=\"center\">\u00a0Mais do que valsa<\/div>\n<div align=\"center\">\u00a0Os ossos do bar\u00e3o<\/div>\n<div align=\"center\">\u00a0N\u00e3o tem nada n\u00e3o<\/div>\n<div align=\"center\">\u00a0N\u00e3o tem nada n\u00e3o<\/div>\n<div align=\"center\">\u00a0Samba fatal<\/div>\n<div align=\"center\">\u00a0Tiu-ba-la-quieba<\/div>\n<div align=\"center\">\u00a0De repente, mo\u00e7a flor<\/div>\n<div align=\"center\"><\/div>\n<div align=\"center\"><\/div>\n","protected":false},"excerpt":{"rendered":"<p>A previs\u00e3o do tempo para hoje \u00e9 a de que estou babando de sono e antes que me esque\u00e7a, aqui vai mais um que vale&#8230; Marcos Valle em mais um disco de tirar o chap\u00e9u. N\u00e3o vou nem tentar continuar &hellip; <a href=\"https:\/\/www.toque-musicall.com\/?p=1701\">Continue lendo <span class=\"meta-nav\">&rarr;<\/span><\/a><\/p>\n","protected":false},"author":1,"featured_media":0,"comment_status":"open","ping_status":"closed","sticky":false,"template":"","format":"standard","meta":{"footnotes":""},"categories":[67,86],"tags":[],"class_list":["post-1701","post","type-post","status-publish","format-standard","hentry","category-marcos-valle","category-selo-odeon"],"_links":{"self":[{"href":"https:\/\/www.toque-musicall.com\/index.php?rest_route=\/wp\/v2\/posts\/1701","targetHints":{"allow":["GET"]}}],"collection":[{"href":"https:\/\/www.toque-musicall.com\/index.php?rest_route=\/wp\/v2\/posts"}],"about":[{"href":"https:\/\/www.toque-musicall.com\/index.php?rest_route=\/wp\/v2\/types\/post"}],"author":[{"embeddable":true,"href":"https:\/\/www.toque-musicall.com\/index.php?rest_route=\/wp\/v2\/users\/1"}],"replies":[{"embeddable":true,"href":"https:\/\/www.toque-musicall.com\/index.php?rest_route=%2Fwp%2Fv2%2Fcomments&post=1701"}],"version-history":[{"count":0,"href":"https:\/\/www.toque-musicall.com\/index.php?rest_route=\/wp\/v2\/posts\/1701\/revisions"}],"wp:attachment":[{"href":"https:\/\/www.toque-musicall.com\/index.php?rest_route=%2Fwp%2Fv2%2Fmedia&parent=1701"}],"wp:term":[{"taxonomy":"category","embeddable":true,"href":"https:\/\/www.toque-musicall.com\/index.php?rest_route=%2Fwp%2Fv2%2Fcategories&post=1701"},{"taxonomy":"post_tag","embeddable":true,"href":"https:\/\/www.toque-musicall.com\/index.php?rest_route=%2Fwp%2Fv2%2Ftags&post=1701"}],"curies":[{"name":"wp","href":"https:\/\/api.w.org\/{rel}","templated":true}]}}