{"id":1702,"date":"2008-04-11T01:38:00","date_gmt":"2008-04-11T01:38:00","guid":{"rendered":"http:\/\/www.toque-musicall.com\/?p=1702"},"modified":"2008-04-11T01:38:00","modified_gmt":"2008-04-11T01:38:00","slug":"gal-costa-fatal-gal-costa-a-todo-vapor-1971","status":"publish","type":"post","link":"https:\/\/www.toque-musicall.com\/?p=1702","title":{"rendered":"Gal Costa &#8211; Fatal Gal Costa A Todo Vapor (1971)"},"content":{"rendered":"<div align=\"left\"><a href=\"http:\/\/2.bp.blogspot.com\/_DSKVEvHtskc\/R_7GJKJFZtI\/AAAAAAAABRg\/xQXuiBMh7LY\/s1600-h\/gal+-+fatal+P.JPG\"><img decoding=\"async\" id=\"BLOGGER_PHOTO_ID_5187801681420969682\" style=\"DISPLAY: block; MARGIN: 0px auto 10px; CURSOR: hand; TEXT-ALIGN: center\" alt=\"\" src=\"http:\/\/2.bp.blogspot.com\/_DSKVEvHtskc\/R_7GJKJFZtI\/AAAAAAAABRg\/xQXuiBMh7LY\/s400\/gal+-+fatal+P.JPG\" border=\"0\" \/><\/a><\/div>\n<div align=\"left\">Ol\u00e1 meus caros amigos do vinil! Estamos de volta nesta noite quente. J\u00e1 de sa\u00edda lembrando que no pr\u00f3ximo s\u00e1bado teremos l\u00e1 em Belo Horizonte uma super feira de vinil. O Toque Musical vai tamb\u00e9m estar  por l\u00e1, botando na roda sua discoteca, cheia de raridades, para a felicidade daqueles que me procuram querendo comprar os lps apresentados aqui. A chance \u00e9 essa&#8230;<\/div>\n<div align=\"left\">Hoje iremos de Gal Costa, num disco bastante celebrado ao longo de toda a sua exist\u00eancia.<\/div>\n<div align=\"left\">Talvez por ser um \u00e1lbum ao vivo e para a \u00e9poca, se tornou meio &#8216;cult&#8217;, como diz um amigo meu. Me lembro que este lp sempre foi tido como um disco raro. Ainda hoje \u00e9 considerado pela cr\u00edtica um de seus melhores trabalhos ao vivo. Se voc\u00ea ainda n\u00e3o o achou em outro blog, confira aqui, que a Gal vem a todo vapor e completa!<\/div>\n<div align=\"left\"><\/div>\n<div align=\"left\"> <\/div>\n<div align=\"center\">D\u00ea um rol\u00ea <\/div>\n<div align=\"center\">P\u00e9rola negra <\/div>\n<div align=\"center\">Mal secreto <\/div>\n<div align=\"center\">Como 2 e 2 <\/div>\n<div align=\"center\">Hotel das estrelas <\/div>\n<div align=\"center\">Assum preto <\/div>\n<div align=\"center\">Bota a m\u00e3o nas cadeiras <\/div>\n<div align=\"center\">Maria Bethania <\/div>\n<div align=\"center\">N\u00e3o se esque\u00e7a de mim <\/div>\n<div align=\"center\">Luz do sol <\/div>\n<div align=\"center\">Fruta gog\u00f3ia <\/div>\n<div align=\"center\">Charles, anjo 45<\/div>\n<div align=\"center\"> Como 2 e 2 <\/div>\n<div align=\"center\">Cora\u00e7\u00e3o vagabundo <\/div>\n<div align=\"center\">Falsa baiana <\/div>\n<div align=\"center\">Antonico <\/div>\n<div align=\"center\">Sua estupidez <\/div>\n<div align=\"center\">Fruta gog\u00f3ia <\/div>\n<div align=\"center\">Vapor barato <\/div>\n<div align=\"center\"><\/div>\n<div align=\"center\"><\/div>\n<div align=\"center\"> <\/div>\n","protected":false},"excerpt":{"rendered":"<p>Ol\u00e1 meus caros amigos do vinil! Estamos de volta nesta noite quente. J\u00e1 de sa\u00edda lembrando que no pr\u00f3ximo s\u00e1bado teremos l\u00e1 em Belo Horizonte uma super feira de vinil. O Toque Musical vai tamb\u00e9m estar por l\u00e1, botando na &hellip; <a href=\"https:\/\/www.toque-musicall.com\/?p=1702\">Continue lendo <span class=\"meta-nav\">&rarr;<\/span><\/a><\/p>\n","protected":false},"author":1,"featured_media":0,"comment_status":"open","ping_status":"closed","sticky":false,"template":"","format":"standard","meta":{"footnotes":""},"categories":[291],"tags":[],"class_list":["post-1702","post","type-post","status-publish","format-standard","hentry","category-gal-costa"],"_links":{"self":[{"href":"https:\/\/www.toque-musicall.com\/index.php?rest_route=\/wp\/v2\/posts\/1702","targetHints":{"allow":["GET"]}}],"collection":[{"href":"https:\/\/www.toque-musicall.com\/index.php?rest_route=\/wp\/v2\/posts"}],"about":[{"href":"https:\/\/www.toque-musicall.com\/index.php?rest_route=\/wp\/v2\/types\/post"}],"author":[{"embeddable":true,"href":"https:\/\/www.toque-musicall.com\/index.php?rest_route=\/wp\/v2\/users\/1"}],"replies":[{"embeddable":true,"href":"https:\/\/www.toque-musicall.com\/index.php?rest_route=%2Fwp%2Fv2%2Fcomments&post=1702"}],"version-history":[{"count":0,"href":"https:\/\/www.toque-musicall.com\/index.php?rest_route=\/wp\/v2\/posts\/1702\/revisions"}],"wp:attachment":[{"href":"https:\/\/www.toque-musicall.com\/index.php?rest_route=%2Fwp%2Fv2%2Fmedia&parent=1702"}],"wp:term":[{"taxonomy":"category","embeddable":true,"href":"https:\/\/www.toque-musicall.com\/index.php?rest_route=%2Fwp%2Fv2%2Fcategories&post=1702"},{"taxonomy":"post_tag","embeddable":true,"href":"https:\/\/www.toque-musicall.com\/index.php?rest_route=%2Fwp%2Fv2%2Ftags&post=1702"}],"curies":[{"name":"wp","href":"https:\/\/api.w.org\/{rel}","templated":true}]}}