{"id":171,"date":"2012-01-20T23:19:00","date_gmt":"2012-01-20T23:19:00","guid":{"rendered":"http:\/\/www.toque-musicall.com\/?p=171"},"modified":"2012-01-20T23:19:00","modified_gmt":"2012-01-20T23:19:00","slug":"cora-coralina-1989","status":"publish","type":"post","link":"https:\/\/www.toque-musicall.com\/?p=171","title":{"rendered":"Cora Coralina (1989)"},"content":{"rendered":"<p><a href=\"http:\/\/2.bp.blogspot.com\/-cg66DuOOqcc\/Txn25_3744I\/AAAAAAAAA6U\/N705Ja5wOi4\/s1600\/cora+Fp.JPG\"><img decoding=\"async\" style=\"display:block; margin:0px auto 10px; text-align:center;cursor:pointer; cursor:hand;width: 391px; height: 400px;\" src=\"http:\/\/2.bp.blogspot.com\/-cg66DuOOqcc\/Txn25_3744I\/AAAAAAAAA6U\/N705Ja5wOi4\/s400\/cora+Fp.JPG\" border=\"0\" alt=\"\" id=\"BLOGGER_PHOTO_ID_5699858279673095042\" \/><\/a><a href=\"http:\/\/1.bp.blogspot.com\/-4UZEpi7NRnw\/Txn2t6uu4oI\/AAAAAAAAA6I\/Q3OT-ffj-JQ\/s1600\/cora+Bp.JPG\"><img decoding=\"async\" style=\"display:block; margin:0px auto 10px; text-align:center;cursor:pointer; cursor:hand;width: 400px; height: 399px;\" src=\"http:\/\/1.bp.blogspot.com\/-4UZEpi7NRnw\/Txn2t6uu4oI\/AAAAAAAAA6I\/Q3OT-ffj-JQ\/s400\/cora+Bp.JPG\" border=\"0\" alt=\"\" id=\"BLOGGER_PHOTO_ID_5699858072133886594\" \/><\/a>Boa noite, amigos cultos e ocultos. Depois da SOPA e outras &#8216;canjas frias&#8217;, muita gente por aqui parece que ficou ainda mais oculta. Seria bom se ficassem tamb\u00e9m cultas, hehehe&#8230; brincadeirinha. At\u00e9 o momento a liberdade est\u00e1 prevalecendo \ud83d\ude09<\/p>\n<div>Hoje eu fiquei na d\u00favida sem saber o que iria postar. Na incerteza de um independente musical, me lembrei deste disco de poesia de Ana Lins Guimar\u00e3es Peixoto Bretas, ali\u00e1s, Cora Coralina. Um escritora que se tornou mais conhecida do p\u00fablico a partir dos anos 80, quando sua obra passa a ser editada e divulgada atrav\u00e9s de outras m\u00eddias. Este \u00e1lbum, por exemplo, foi lan\u00e7ado alguns anos ap\u00f3s a sua morte. Uma produ\u00e7\u00e3o independente realizada pelo Instituto Alberione (COMEP). O \u00e1lbum, uma singela homenagem, tr\u00e1s 13 poemas da escritora, alguns declamados por ela mesma, outros pelo ator  Hilton Viana e pela filha de Cora, Vic\u00eancia Br\u00eatas Tahan. A trilha sonora \u00e9 de Eduardo Assad. Este lp, me parece, chegou a ser reeditado em CD pela Edi\u00e7\u00f5es Paulinas, mas \u00e9 dif\u00edcil de encontrar. Para garantir, vamos pelo menos conhecer o conte\u00fado.<\/div>\n<div><\/div>\n<div style=\"text-align: center;\">minha cidade &#8211; cora coralina<\/div>\n<div style=\"text-align: center;\">ora\u00e7\u00e3o de aninha &#8211; hilton viana<\/div>\n<div style=\"text-align: center;\">ora\u00e7\u00e3o do milho &#8211; cora coralina<\/div>\n<div style=\"text-align: center;\">estas m\u00e3so &#8211; vic\u00eancia br\u00eatas tahan<\/div>\n<div style=\"text-align: center;\">barco sem rumo &#8211; hilton viana<\/div>\n<div style=\"text-align: center;\">tra\u00e7o de uni\u00e3o &#8211; vic\u00eancia br\u00eatas tahan<\/div>\n<div style=\"text-align: center;\">velho sobrado &#8211; cora coralina<\/div>\n<div style=\"text-align: center;\">humildade &#8211; hilton viana<\/div>\n<div style=\"text-align: center;\">das pedras &#8211; hilton viana<\/div>\n<div style=\"text-align: center;\">o c\u00e2ntico da terra &#8211; hilton viana<\/div>\n<div style=\"text-align: center;\">todas as vidas &#8211; vic\u00eancia br\u00eatas tahan<\/div>\n<div style=\"text-align: center;\">poema do milho &#8211; vic\u00eancia br\u00eatas tahan<\/div>\n<div style=\"text-align: center;\">meu epit\u00e1fio &#8211; vic\u00eancia br\u00eatas tahan<\/div>\n<div style=\"text-align: center;\"><\/div>\n<div style=\"text-align: center;\"><\/div>\n","protected":false},"excerpt":{"rendered":"<p>Boa noite, amigos cultos e ocultos. Depois da SOPA e outras &#8216;canjas frias&#8217;, muita gente por aqui parece que ficou ainda mais oculta. Seria bom se ficassem tamb\u00e9m cultas, hehehe&#8230; brincadeirinha. At\u00e9 o momento a liberdade est\u00e1 prevalecendo \ud83d\ude09 Hoje &hellip; <a href=\"https:\/\/www.toque-musicall.com\/?p=171\">Continue lendo <span class=\"meta-nav\">&rarr;<\/span><\/a><\/p>\n","protected":false},"author":1,"featured_media":0,"comment_status":"open","ping_status":"closed","sticky":false,"template":"","format":"standard","meta":{"footnotes":""},"categories":[319,318,25],"tags":[],"class_list":["post-171","post","type-post","status-publish","format-standard","hentry","category-cora-coralina","category-poesia","category-selo-independente"],"_links":{"self":[{"href":"https:\/\/www.toque-musicall.com\/index.php?rest_route=\/wp\/v2\/posts\/171","targetHints":{"allow":["GET"]}}],"collection":[{"href":"https:\/\/www.toque-musicall.com\/index.php?rest_route=\/wp\/v2\/posts"}],"about":[{"href":"https:\/\/www.toque-musicall.com\/index.php?rest_route=\/wp\/v2\/types\/post"}],"author":[{"embeddable":true,"href":"https:\/\/www.toque-musicall.com\/index.php?rest_route=\/wp\/v2\/users\/1"}],"replies":[{"embeddable":true,"href":"https:\/\/www.toque-musicall.com\/index.php?rest_route=%2Fwp%2Fv2%2Fcomments&post=171"}],"version-history":[{"count":0,"href":"https:\/\/www.toque-musicall.com\/index.php?rest_route=\/wp\/v2\/posts\/171\/revisions"}],"wp:attachment":[{"href":"https:\/\/www.toque-musicall.com\/index.php?rest_route=%2Fwp%2Fv2%2Fmedia&parent=171"}],"wp:term":[{"taxonomy":"category","embeddable":true,"href":"https:\/\/www.toque-musicall.com\/index.php?rest_route=%2Fwp%2Fv2%2Fcategories&post=171"},{"taxonomy":"post_tag","embeddable":true,"href":"https:\/\/www.toque-musicall.com\/index.php?rest_route=%2Fwp%2Fv2%2Ftags&post=171"}],"curies":[{"name":"wp","href":"https:\/\/api.w.org\/{rel}","templated":true}]}}