{"id":1720,"date":"2008-03-22T21:34:00","date_gmt":"2008-03-22T21:34:00","guid":{"rendered":"http:\/\/www.toque-musicall.com\/?p=1720"},"modified":"2008-03-22T21:34:00","modified_gmt":"2008-03-22T21:34:00","slug":"alcides-gerardi-e-eu-sem-maria-1964","status":"publish","type":"post","link":"https:\/\/www.toque-musicall.com\/?p=1720","title":{"rendered":"Alcides Gerardi &#8211; E&#8230; Eu Sem Maria (1964)"},"content":{"rendered":"<p><a href=\"http:\/\/1.bp.blogspot.com\/_DSKVEvHtskc\/R-WCQ5b2CgI\/AAAAAAAABOQ\/Ydz1Ue59mRA\/s1600-h\/1964_PP.JPG\"><img decoding=\"async\" id=\"BLOGGER_PHOTO_ID_5180690173166750210\" style=\"DISPLAY: block; MARGIN: 0px auto 10px; CURSOR: hand; TEXT-ALIGN: center\" alt=\"\" src=\"http:\/\/1.bp.blogspot.com\/_DSKVEvHtskc\/R-WCQ5b2CgI\/AAAAAAAABOQ\/Ydz1Ue59mRA\/s400\/1964_PP.JPG\" border=\"0\" \/><\/a>Alcides Gerardi, quem diria&#8230; T\u00e1 bombando aqui no Toque Musical. Fazendo mais sucesso que o S\u00edlvio Caldas que eu achei que seria o m\u00e1ximo. \u00c9 isso a\u00ed&#8230; j\u00e1 que t\u00e1 bom vamos mandar ver&#8230; (e ouvir, claro!) Como eu tinha mais um disco do cara, resolvi ent\u00e3o post\u00e1-lo. Este eu baixei no Soul Seek a um tempo atr\u00e1s, mas infelizmente veio incompleto. Felizmente, depois de algum tempo, eis que surge o disco completo, enviado pelo nosso atencioso amigo, Recruta Zero. Agora n\u00e3o h\u00e1 porque reclamar. Disco completo, link novo. Confiram.<\/p>\n<div align=\"center\">e&#8230; eu sem maria <\/div>\n<div align=\"center\">voc\u00ea \u00e9 que pensa <\/div>\n<div align=\"center\">n\u00e3o troquemos de mal <\/div>\n<div align=\"center\">nossa can\u00e7\u00e3o<\/div>\n<div align=\"center\">maria<\/div>\n<div align=\"center\">castelo de areia <\/div>\n<div align=\"center\">professora <\/div>\n<div align=\"center\">antonico <\/div>\n<div align=\"center\">brotinho maluco <\/div>\n<div align=\"center\">o esbarro <\/p>\n<div align=\"center\">marise<\/div>\n<div align=\"center\">ansiedade<\/div>\n<div align=\"center\"><\/div>\n<div align=\"center\"><\/div>\n<\/div>\n<div align=\"center\"><\/div>\n<div align=\"center\"><\/div>\n","protected":false},"excerpt":{"rendered":"<p>Alcides Gerardi, quem diria&#8230; T\u00e1 bombando aqui no Toque Musical. Fazendo mais sucesso que o S\u00edlvio Caldas que eu achei que seria o m\u00e1ximo. \u00c9 isso a\u00ed&#8230; j\u00e1 que t\u00e1 bom vamos mandar ver&#8230; (e ouvir, claro!) Como eu tinha &hellip; <a href=\"https:\/\/www.toque-musicall.com\/?p=1720\">Continue lendo <span class=\"meta-nav\">&rarr;<\/span><\/a><\/p>\n","protected":false},"author":1,"featured_media":0,"comment_status":"open","ping_status":"closed","sticky":false,"template":"","format":"standard","meta":{"footnotes":""},"categories":[114],"tags":[],"class_list":["post-1720","post","type-post","status-publish","format-standard","hentry","category-alcides-gerardi"],"_links":{"self":[{"href":"https:\/\/www.toque-musicall.com\/index.php?rest_route=\/wp\/v2\/posts\/1720","targetHints":{"allow":["GET"]}}],"collection":[{"href":"https:\/\/www.toque-musicall.com\/index.php?rest_route=\/wp\/v2\/posts"}],"about":[{"href":"https:\/\/www.toque-musicall.com\/index.php?rest_route=\/wp\/v2\/types\/post"}],"author":[{"embeddable":true,"href":"https:\/\/www.toque-musicall.com\/index.php?rest_route=\/wp\/v2\/users\/1"}],"replies":[{"embeddable":true,"href":"https:\/\/www.toque-musicall.com\/index.php?rest_route=%2Fwp%2Fv2%2Fcomments&post=1720"}],"version-history":[{"count":0,"href":"https:\/\/www.toque-musicall.com\/index.php?rest_route=\/wp\/v2\/posts\/1720\/revisions"}],"wp:attachment":[{"href":"https:\/\/www.toque-musicall.com\/index.php?rest_route=%2Fwp%2Fv2%2Fmedia&parent=1720"}],"wp:term":[{"taxonomy":"category","embeddable":true,"href":"https:\/\/www.toque-musicall.com\/index.php?rest_route=%2Fwp%2Fv2%2Fcategories&post=1720"},{"taxonomy":"post_tag","embeddable":true,"href":"https:\/\/www.toque-musicall.com\/index.php?rest_route=%2Fwp%2Fv2%2Ftags&post=1720"}],"curies":[{"name":"wp","href":"https:\/\/api.w.org\/{rel}","templated":true}]}}