{"id":1721,"date":"2008-03-22T02:25:00","date_gmt":"2008-03-22T02:25:00","guid":{"rendered":"http:\/\/www.toque-musicall.com\/?p=1721"},"modified":"2008-03-22T02:25:00","modified_gmt":"2008-03-22T02:25:00","slug":"silvio-caldas-em-pessoa-1960","status":"publish","type":"post","link":"https:\/\/www.toque-musicall.com\/?p=1721","title":{"rendered":"S\u00edlvio Caldas &#8211; Em Pessoa (1960)"},"content":{"rendered":"<div align=\"left\"><a href=\"http:\/\/4.bp.blogspot.com\/_DSKVEvHtskc\/R-Rw85b2CfI\/AAAAAAAABOI\/ZTbUZc_cR4Y\/s1600-h\/Silvio+Caldas+P.JPG\"><img decoding=\"async\" id=\"BLOGGER_PHOTO_ID_5180389662894983666\" style=\"DISPLAY: block; MARGIN: 0px auto 10px; CURSOR: hand; TEXT-ALIGN: center\" alt=\"\" src=\"http:\/\/4.bp.blogspot.com\/_DSKVEvHtskc\/R-Rw85b2CfI\/AAAAAAAABOI\/ZTbUZc_cR4Y\/s400\/Silvio+Caldas+P.JPG\" border=\"0\" \/><\/a>Para o dia de hoje tenho aqui este rar\u00edssimo \u00e1lbum de Silvio Caldas, que com toda certeza ir\u00e1 agradar, tanto ou mais que os outros postados anteriormente. Em 1960 ele gravou dois discos: \u201cEternamente\u201d, seu \u00e1lbum de carreira e este, \u201cEm Pessoa\u201d, um registro ao vivo onde ele canta seus antigos sucessos, numa apresenta\u00e7\u00e3o \u00fanica. No encarte e selo do vinil n\u00e3o constam datas e informa\u00e7\u00f5es sobre a grava\u00e7\u00e3o. Na rede tamb\u00e9m n\u00e3o h\u00e1 muita informa\u00e7\u00e3o sobre o disco. Contudo (ou com nada?), o \u00e1lbum n\u00e3o deixa de ser um registro hist\u00f3rico valioso. Como muitos outros discos do \u201cCabloquinho\u201d (ou quase todos?), este lp nunca chegou a ser relan\u00e7ado em cd.   <\/p>\n<div align=\"left\">No sentido de preservar o show na \u00edntegra, procurei manter como no lp, sem pausa entre as m\u00fasicas, apenas lado A e B. <\/div>\n<div align=\"left\"> <\/div>\n<div align=\"center\">Viva meu samba (Billy Blanco)<br \/>Saudade dela (Ataulfo Alves)<br \/>At\u00e9 breve (Ataulfo Alves &#8211; Crist\u00f3v\u00e3o de Alencar)<br \/>Juramento falso (Foi uma pedra que rolou) (Pedro Caetano)<br \/>Minha palho\u00e7a (J. Cascata)<br \/>Nos bra\u00e7os de Isabel (Jos\u00e9 Judice &#8211; Silvio Caldas)<br \/>Cabelos brancos (Marino Pinto &#8211; Herivelto Martins)<br \/>Chuvas de ver\u00e3o (Fernando Lobo)<br \/>Inquieta\u00e7\u00e3o (Ary Barroso)<br \/>Tr\u00eas l\u00e1grimas (Ary Barroso)<br \/>Ch\u00e3o de estrelas (Silvio Caldas &#8211; Orestes Barbosa)<br \/>Arranha c\u00e9u (Silvio Caldas &#8211; Orestes Barbosa)<br \/>Arrependimento (Armando Reis &#8211; Silvio Caldas)<br \/>Na aldeia (De Chocolat &#8211; Carusinho &#8211; Silvio Caldas)<br \/>A tua vida \u00e9 um segredo (Lamartine Babo)<br \/>Feiti\u00e7o da Vila (Vadico &#8211; Noel Rosa)<br \/>Viol\u00f5es em funeral (Sebasti\u00e3o Fonseca &#8211; Silvio Caldas)<br \/>At\u00e9 amanh\u00e3 (Noel Rosa)<\/div>\n<div align=\"center\"><\/div>\n<div align=\"center\"><\/div>\n<div align=\"center\"> <\/div>\n<\/div>\n","protected":false},"excerpt":{"rendered":"<p>Para o dia de hoje tenho aqui este rar\u00edssimo \u00e1lbum de Silvio Caldas, que com toda certeza ir\u00e1 agradar, tanto ou mais que os outros postados anteriormente. Em 1960 ele gravou dois discos: \u201cEternamente\u201d, seu \u00e1lbum de carreira e este, &hellip; <a href=\"https:\/\/www.toque-musicall.com\/?p=1721\">Continue lendo <span class=\"meta-nav\">&rarr;<\/span><\/a><\/p>\n","protected":false},"author":1,"featured_media":0,"comment_status":"open","ping_status":"closed","sticky":false,"template":"","format":"standard","meta":{"footnotes":""},"categories":[12],"tags":[],"class_list":["post-1721","post","type-post","status-publish","format-standard","hentry","category-silvio-caldas"],"_links":{"self":[{"href":"https:\/\/www.toque-musicall.com\/index.php?rest_route=\/wp\/v2\/posts\/1721","targetHints":{"allow":["GET"]}}],"collection":[{"href":"https:\/\/www.toque-musicall.com\/index.php?rest_route=\/wp\/v2\/posts"}],"about":[{"href":"https:\/\/www.toque-musicall.com\/index.php?rest_route=\/wp\/v2\/types\/post"}],"author":[{"embeddable":true,"href":"https:\/\/www.toque-musicall.com\/index.php?rest_route=\/wp\/v2\/users\/1"}],"replies":[{"embeddable":true,"href":"https:\/\/www.toque-musicall.com\/index.php?rest_route=%2Fwp%2Fv2%2Fcomments&post=1721"}],"version-history":[{"count":0,"href":"https:\/\/www.toque-musicall.com\/index.php?rest_route=\/wp\/v2\/posts\/1721\/revisions"}],"wp:attachment":[{"href":"https:\/\/www.toque-musicall.com\/index.php?rest_route=%2Fwp%2Fv2%2Fmedia&parent=1721"}],"wp:term":[{"taxonomy":"category","embeddable":true,"href":"https:\/\/www.toque-musicall.com\/index.php?rest_route=%2Fwp%2Fv2%2Fcategories&post=1721"},{"taxonomy":"post_tag","embeddable":true,"href":"https:\/\/www.toque-musicall.com\/index.php?rest_route=%2Fwp%2Fv2%2Ftags&post=1721"}],"curies":[{"name":"wp","href":"https:\/\/api.w.org\/{rel}","templated":true}]}}